{"id":2462,"date":"2019-01-14T12:12:17","date_gmt":"2019-01-14T11:12:17","guid":{"rendered":"http:\/\/vg-damgan.fr\/site\/?p=2462"},"modified":"2019-01-17T22:00:41","modified_gmt":"2019-01-17T21:00:41","slug":"point-chantier-au-debut-de-cette-2019","status":"publish","type":"post","link":"https:\/\/vg-damgan.fr\/site\/2019\/01\/point-chantier-au-debut-de-cette-2019\/","title":{"rendered":"Point chantier au d\u00e9but de cette ann\u00e9e 2019"},"content":{"rendered":"<p><strong>Avant toute chose, Nous vous souhaitons \u00e0 toutes et tous une bonne ann\u00e9e 2019.<\/strong><\/p>\n<p><em>Cette ann\u00e9e 2019 sera une ann\u00e9e tr\u00e8s importante pour notre association car la r\u00e9novation sera \u00a0termin\u00e9e et le<strong>\u00a0Reder Mor 6<\/strong>\u00a0prendra la mer pour participer \u00e0 la Semaine du Golfe, du 27 mai au 2 juin prochain.<\/em><\/p>\n<p><em>D&rsquo;ici l\u00e0, quelques rendez-vous, d&rsquo;abord \u00e0 l&rsquo;<strong>Assembl\u00e9e G\u00e9n\u00e9rale, le vendredi 15\u00a0<\/strong><strong>f\u00e9vrier (\u00e0 18h!).<\/strong><\/em><\/p>\n<p><em>Ensuite, la fin du chantier avec la mise \u00e0 l&rsquo;eau. Et surtout, le<strong>\u00a0dimanche 5 mai, la F\u00eate du REDER MOR 6<\/strong>, son bapt\u00eame, son neuvage, une grande f\u00eate avec vous tous, adh\u00e9rents, sympathisants, damganais et autres amoureux de l&rsquo;eau sal\u00e9e.<\/em><strong><em>\u00a0Les premi\u00e8res navigations avec vous.<\/em><\/strong><\/p>\n<p>Tout cela n&rsquo;a \u00e9t\u00e9 possible que gr\u00e2ce \u00e0 vos efforts, \u00e0 votre aide, \u00e0 votre soutien depuis 2015, alors un grand merci \u00e0 tous au nom de l&rsquo;association.<\/p>\n<p><em>A bient\u00f4t, et encore bonne ann\u00e9e!<\/em><\/p>\n<p><a href=\"https:\/\/i0.wp.com\/vg-damgan.fr\/site\/wp-content\/uploads\/2019\/01\/carte-de-voeux-rm6-2019-03.jpg\"><img data-recalc-dims=\"1\" loading=\"lazy\" decoding=\"async\" data-attachment-id=\"2463\" data-permalink=\"https:\/\/vg-damgan.fr\/site\/2019\/01\/point-chantier-au-debut-de-cette-2019\/carte-de-voeux-rm6-2019-03\/\" data-orig-file=\"https:\/\/i0.wp.com\/vg-damgan.fr\/site\/wp-content\/uploads\/2019\/01\/carte-de-voeux-rm6-2019-03.jpg?fit=1600%2C890&amp;ssl=1\" data-orig-size=\"1600,890\" data-comments-opened=\"1\" data-image-meta=\"{&quot;aperture&quot;:&quot;0&quot;,&quot;credit&quot;:&quot;&quot;,&quot;camera&quot;:&quot;&quot;,&quot;caption&quot;:&quot;&quot;,&quot;created_timestamp&quot;:&quot;0&quot;,&quot;copyright&quot;:&quot;&quot;,&quot;focal_length&quot;:&quot;0&quot;,&quot;iso&quot;:&quot;0&quot;,&quot;shutter_speed&quot;:&quot;0&quot;,&quot;title&quot;:&quot;&quot;,&quot;orientation&quot;:&quot;1&quot;}\" data-image-title=\"carte de voeux rm6 2019 03\" data-image-description=\"\" data-image-caption=\"\" data-large-file=\"https:\/\/i0.wp.com\/vg-damgan.fr\/site\/wp-content\/uploads\/2019\/01\/carte-de-voeux-rm6-2019-03.jpg?fit=800%2C445&amp;ssl=1\" class=\"aligncenter size-large wp-image-2463\" src=\"https:\/\/i0.wp.com\/vg-damgan.fr\/site\/wp-content\/uploads\/2019\/01\/carte-de-voeux-rm6-2019-03-800x445.jpg?resize=800%2C445\" alt=\"carte de voeux rm6 2019 03\" width=\"800\" height=\"445\" srcset=\"https:\/\/i0.wp.com\/vg-damgan.fr\/site\/wp-content\/uploads\/2019\/01\/carte-de-voeux-rm6-2019-03.jpg?resize=800%2C445&amp;ssl=1 800w, https:\/\/i0.wp.com\/vg-damgan.fr\/site\/wp-content\/uploads\/2019\/01\/carte-de-voeux-rm6-2019-03.jpg?resize=300%2C167&amp;ssl=1 300w, https:\/\/i0.wp.com\/vg-damgan.fr\/site\/wp-content\/uploads\/2019\/01\/carte-de-voeux-rm6-2019-03.jpg?resize=768%2C427&amp;ssl=1 768w, https:\/\/i0.wp.com\/vg-damgan.fr\/site\/wp-content\/uploads\/2019\/01\/carte-de-voeux-rm6-2019-03.jpg?w=1600&amp;ssl=1 1600w\" sizes=\"auto, (max-width: 800px) 100vw, 800px\" \/><\/a><\/p>\n<h1>Point chantier avant les vacances:<\/h1>\n<p>Alors, nous revoici en d\u00e9cembre, pendant que Fran\u00e7ois organise le rangement sous le coffre arri\u00e8re (213),<\/p>\n<p><a href=\"https:\/\/i0.wp.com\/vg-damgan.fr\/site\/wp-content\/uploads\/2019\/01\/213.jpg\"><img data-recalc-dims=\"1\" loading=\"lazy\" decoding=\"async\" data-attachment-id=\"2464\" data-permalink=\"https:\/\/vg-damgan.fr\/site\/2019\/01\/point-chantier-au-debut-de-cette-2019\/attachment\/213\/\" data-orig-file=\"https:\/\/i0.wp.com\/vg-damgan.fr\/site\/wp-content\/uploads\/2019\/01\/213.jpg?fit=1024%2C768&amp;ssl=1\" data-orig-size=\"1024,768\" data-comments-opened=\"1\" data-image-meta=\"{&quot;aperture&quot;:&quot;0&quot;,&quot;credit&quot;:&quot;&quot;,&quot;camera&quot;:&quot;&quot;,&quot;caption&quot;:&quot;&quot;,&quot;created_timestamp&quot;:&quot;0&quot;,&quot;copyright&quot;:&quot;&quot;,&quot;focal_length&quot;:&quot;0&quot;,&quot;iso&quot;:&quot;0&quot;,&quot;shutter_speed&quot;:&quot;0&quot;,&quot;title&quot;:&quot;&quot;,&quot;orientation&quot;:&quot;0&quot;}\" data-image-title=\"213\" data-image-description=\"\" data-image-caption=\"\" data-large-file=\"https:\/\/i0.wp.com\/vg-damgan.fr\/site\/wp-content\/uploads\/2019\/01\/213.jpg?fit=800%2C600&amp;ssl=1\" class=\"aligncenter size-large wp-image-2464\" src=\"https:\/\/i0.wp.com\/vg-damgan.fr\/site\/wp-content\/uploads\/2019\/01\/213-800x600.jpg?resize=800%2C600\" alt=\"213\" width=\"800\" height=\"600\" srcset=\"https:\/\/i0.wp.com\/vg-damgan.fr\/site\/wp-content\/uploads\/2019\/01\/213.jpg?resize=800%2C600&amp;ssl=1 800w, https:\/\/i0.wp.com\/vg-damgan.fr\/site\/wp-content\/uploads\/2019\/01\/213.jpg?resize=300%2C225&amp;ssl=1 300w, https:\/\/i0.wp.com\/vg-damgan.fr\/site\/wp-content\/uploads\/2019\/01\/213.jpg?resize=768%2C576&amp;ssl=1 768w, https:\/\/i0.wp.com\/vg-damgan.fr\/site\/wp-content\/uploads\/2019\/01\/213.jpg?resize=678%2C509&amp;ssl=1 678w, https:\/\/i0.wp.com\/vg-damgan.fr\/site\/wp-content\/uploads\/2019\/01\/213.jpg?resize=326%2C245&amp;ssl=1 326w, https:\/\/i0.wp.com\/vg-damgan.fr\/site\/wp-content\/uploads\/2019\/01\/213.jpg?resize=80%2C60&amp;ssl=1 80w, https:\/\/i0.wp.com\/vg-damgan.fr\/site\/wp-content\/uploads\/2019\/01\/213.jpg?w=1024&amp;ssl=1 1024w\" sizes=\"auto, (max-width: 800px) 100vw, 800px\" \/><\/a><\/p>\n<p>Jean et Alain pr\u00e9parent les assemblages qui formeront les c\u00f4t\u00e9s des coffres (214-215).<\/p>\n<p><a href=\"https:\/\/i0.wp.com\/vg-damgan.fr\/site\/wp-content\/uploads\/2019\/01\/214.jpg\"><img data-recalc-dims=\"1\" loading=\"lazy\" decoding=\"async\" data-attachment-id=\"2465\" data-permalink=\"https:\/\/vg-damgan.fr\/site\/2019\/01\/point-chantier-au-debut-de-cette-2019\/attachment\/214\/\" data-orig-file=\"https:\/\/i0.wp.com\/vg-damgan.fr\/site\/wp-content\/uploads\/2019\/01\/214.jpg?fit=1024%2C768&amp;ssl=1\" data-orig-size=\"1024,768\" data-comments-opened=\"1\" data-image-meta=\"{&quot;aperture&quot;:&quot;0&quot;,&quot;credit&quot;:&quot;&quot;,&quot;camera&quot;:&quot;&quot;,&quot;caption&quot;:&quot;&quot;,&quot;created_timestamp&quot;:&quot;0&quot;,&quot;copyright&quot;:&quot;&quot;,&quot;focal_length&quot;:&quot;0&quot;,&quot;iso&quot;:&quot;0&quot;,&quot;shutter_speed&quot;:&quot;0&quot;,&quot;title&quot;:&quot;&quot;,&quot;orientation&quot;:&quot;0&quot;}\" data-image-title=\"214\" data-image-description=\"\" data-image-caption=\"\" data-large-file=\"https:\/\/i0.wp.com\/vg-damgan.fr\/site\/wp-content\/uploads\/2019\/01\/214.jpg?fit=800%2C600&amp;ssl=1\" class=\"aligncenter size-large wp-image-2465\" src=\"https:\/\/i0.wp.com\/vg-damgan.fr\/site\/wp-content\/uploads\/2019\/01\/214-800x600.jpg?resize=800%2C600\" alt=\"214\" width=\"800\" height=\"600\" srcset=\"https:\/\/i0.wp.com\/vg-damgan.fr\/site\/wp-content\/uploads\/2019\/01\/214.jpg?resize=800%2C600&amp;ssl=1 800w, https:\/\/i0.wp.com\/vg-damgan.fr\/site\/wp-content\/uploads\/2019\/01\/214.jpg?resize=300%2C225&amp;ssl=1 300w, https:\/\/i0.wp.com\/vg-damgan.fr\/site\/wp-content\/uploads\/2019\/01\/214.jpg?resize=768%2C576&amp;ssl=1 768w, https:\/\/i0.wp.com\/vg-damgan.fr\/site\/wp-content\/uploads\/2019\/01\/214.jpg?resize=678%2C509&amp;ssl=1 678w, https:\/\/i0.wp.com\/vg-damgan.fr\/site\/wp-content\/uploads\/2019\/01\/214.jpg?resize=326%2C245&amp;ssl=1 326w, https:\/\/i0.wp.com\/vg-damgan.fr\/site\/wp-content\/uploads\/2019\/01\/214.jpg?resize=80%2C60&amp;ssl=1 80w, https:\/\/i0.wp.com\/vg-damgan.fr\/site\/wp-content\/uploads\/2019\/01\/214.jpg?w=1024&amp;ssl=1 1024w\" sizes=\"auto, (max-width: 800px) 100vw, 800px\" \/><\/a><\/p>\n<p><a href=\"https:\/\/i0.wp.com\/vg-damgan.fr\/site\/wp-content\/uploads\/2019\/01\/215.jpg\"><img data-recalc-dims=\"1\" loading=\"lazy\" decoding=\"async\" data-attachment-id=\"2466\" data-permalink=\"https:\/\/vg-damgan.fr\/site\/2019\/01\/point-chantier-au-debut-de-cette-2019\/attachment\/215\/\" data-orig-file=\"https:\/\/i0.wp.com\/vg-damgan.fr\/site\/wp-content\/uploads\/2019\/01\/215.jpg?fit=1024%2C768&amp;ssl=1\" data-orig-size=\"1024,768\" data-comments-opened=\"1\" data-image-meta=\"{&quot;aperture&quot;:&quot;0&quot;,&quot;credit&quot;:&quot;&quot;,&quot;camera&quot;:&quot;&quot;,&quot;caption&quot;:&quot;&quot;,&quot;created_timestamp&quot;:&quot;0&quot;,&quot;copyright&quot;:&quot;&quot;,&quot;focal_length&quot;:&quot;0&quot;,&quot;iso&quot;:&quot;0&quot;,&quot;shutter_speed&quot;:&quot;0&quot;,&quot;title&quot;:&quot;&quot;,&quot;orientation&quot;:&quot;0&quot;}\" data-image-title=\"215\" data-image-description=\"\" data-image-caption=\"\" data-large-file=\"https:\/\/i0.wp.com\/vg-damgan.fr\/site\/wp-content\/uploads\/2019\/01\/215.jpg?fit=800%2C600&amp;ssl=1\" class=\"aligncenter size-large wp-image-2466\" src=\"https:\/\/i0.wp.com\/vg-damgan.fr\/site\/wp-content\/uploads\/2019\/01\/215-800x600.jpg?resize=800%2C600\" alt=\"215\" width=\"800\" height=\"600\" srcset=\"https:\/\/i0.wp.com\/vg-damgan.fr\/site\/wp-content\/uploads\/2019\/01\/215.jpg?resize=800%2C600&amp;ssl=1 800w, https:\/\/i0.wp.com\/vg-damgan.fr\/site\/wp-content\/uploads\/2019\/01\/215.jpg?resize=300%2C225&amp;ssl=1 300w, https:\/\/i0.wp.com\/vg-damgan.fr\/site\/wp-content\/uploads\/2019\/01\/215.jpg?resize=768%2C576&amp;ssl=1 768w, https:\/\/i0.wp.com\/vg-damgan.fr\/site\/wp-content\/uploads\/2019\/01\/215.jpg?resize=678%2C509&amp;ssl=1 678w, https:\/\/i0.wp.com\/vg-damgan.fr\/site\/wp-content\/uploads\/2019\/01\/215.jpg?resize=326%2C245&amp;ssl=1 326w, https:\/\/i0.wp.com\/vg-damgan.fr\/site\/wp-content\/uploads\/2019\/01\/215.jpg?resize=80%2C60&amp;ssl=1 80w, https:\/\/i0.wp.com\/vg-damgan.fr\/site\/wp-content\/uploads\/2019\/01\/215.jpg?w=1024&amp;ssl=1 1024w\" sizes=\"auto, (max-width: 800px) 100vw, 800px\" \/><\/a><\/p>\n<p>Pierre commence le masticage des vis, et continue (216-217)<\/p>\n<p><a href=\"https:\/\/i0.wp.com\/vg-damgan.fr\/site\/wp-content\/uploads\/2019\/01\/216.jpg\"><img data-recalc-dims=\"1\" loading=\"lazy\" decoding=\"async\" data-attachment-id=\"2470\" data-permalink=\"https:\/\/vg-damgan.fr\/site\/2019\/01\/point-chantier-au-debut-de-cette-2019\/attachment\/216\/\" data-orig-file=\"https:\/\/i0.wp.com\/vg-damgan.fr\/site\/wp-content\/uploads\/2019\/01\/216.jpg?fit=1024%2C768&amp;ssl=1\" data-orig-size=\"1024,768\" data-comments-opened=\"1\" data-image-meta=\"{&quot;aperture&quot;:&quot;0&quot;,&quot;credit&quot;:&quot;&quot;,&quot;camera&quot;:&quot;&quot;,&quot;caption&quot;:&quot;&quot;,&quot;created_timestamp&quot;:&quot;0&quot;,&quot;copyright&quot;:&quot;&quot;,&quot;focal_length&quot;:&quot;0&quot;,&quot;iso&quot;:&quot;0&quot;,&quot;shutter_speed&quot;:&quot;0&quot;,&quot;title&quot;:&quot;&quot;,&quot;orientation&quot;:&quot;0&quot;}\" data-image-title=\"216\" data-image-description=\"\" data-image-caption=\"\" data-large-file=\"https:\/\/i0.wp.com\/vg-damgan.fr\/site\/wp-content\/uploads\/2019\/01\/216.jpg?fit=800%2C600&amp;ssl=1\" class=\"aligncenter size-large wp-image-2470\" src=\"https:\/\/i0.wp.com\/vg-damgan.fr\/site\/wp-content\/uploads\/2019\/01\/216-800x600.jpg?resize=800%2C600\" alt=\"216\" width=\"800\" height=\"600\" srcset=\"https:\/\/i0.wp.com\/vg-damgan.fr\/site\/wp-content\/uploads\/2019\/01\/216.jpg?resize=800%2C600&amp;ssl=1 800w, https:\/\/i0.wp.com\/vg-damgan.fr\/site\/wp-content\/uploads\/2019\/01\/216.jpg?resize=300%2C225&amp;ssl=1 300w, https:\/\/i0.wp.com\/vg-damgan.fr\/site\/wp-content\/uploads\/2019\/01\/216.jpg?resize=768%2C576&amp;ssl=1 768w, https:\/\/i0.wp.com\/vg-damgan.fr\/site\/wp-content\/uploads\/2019\/01\/216.jpg?resize=678%2C509&amp;ssl=1 678w, https:\/\/i0.wp.com\/vg-damgan.fr\/site\/wp-content\/uploads\/2019\/01\/216.jpg?resize=326%2C245&amp;ssl=1 326w, https:\/\/i0.wp.com\/vg-damgan.fr\/site\/wp-content\/uploads\/2019\/01\/216.jpg?resize=80%2C60&amp;ssl=1 80w, https:\/\/i0.wp.com\/vg-damgan.fr\/site\/wp-content\/uploads\/2019\/01\/216.jpg?w=1024&amp;ssl=1 1024w\" sizes=\"auto, (max-width: 800px) 100vw, 800px\" \/><\/a><\/p>\n<p><a href=\"https:\/\/i0.wp.com\/vg-damgan.fr\/site\/wp-content\/uploads\/2019\/01\/217.jpg\"><img data-recalc-dims=\"1\" loading=\"lazy\" decoding=\"async\" data-attachment-id=\"2467\" data-permalink=\"https:\/\/vg-damgan.fr\/site\/2019\/01\/point-chantier-au-debut-de-cette-2019\/attachment\/217\/\" data-orig-file=\"https:\/\/i0.wp.com\/vg-damgan.fr\/site\/wp-content\/uploads\/2019\/01\/217.jpg?fit=1024%2C768&amp;ssl=1\" data-orig-size=\"1024,768\" data-comments-opened=\"1\" data-image-meta=\"{&quot;aperture&quot;:&quot;0&quot;,&quot;credit&quot;:&quot;&quot;,&quot;camera&quot;:&quot;&quot;,&quot;caption&quot;:&quot;&quot;,&quot;created_timestamp&quot;:&quot;0&quot;,&quot;copyright&quot;:&quot;&quot;,&quot;focal_length&quot;:&quot;0&quot;,&quot;iso&quot;:&quot;0&quot;,&quot;shutter_speed&quot;:&quot;0&quot;,&quot;title&quot;:&quot;&quot;,&quot;orientation&quot;:&quot;0&quot;}\" data-image-title=\"217\" data-image-description=\"\" data-image-caption=\"\" data-large-file=\"https:\/\/i0.wp.com\/vg-damgan.fr\/site\/wp-content\/uploads\/2019\/01\/217.jpg?fit=800%2C600&amp;ssl=1\" class=\"aligncenter size-large wp-image-2467\" src=\"https:\/\/i0.wp.com\/vg-damgan.fr\/site\/wp-content\/uploads\/2019\/01\/217-800x600.jpg?resize=800%2C600\" alt=\"217\" width=\"800\" height=\"600\" srcset=\"https:\/\/i0.wp.com\/vg-damgan.fr\/site\/wp-content\/uploads\/2019\/01\/217.jpg?resize=800%2C600&amp;ssl=1 800w, https:\/\/i0.wp.com\/vg-damgan.fr\/site\/wp-content\/uploads\/2019\/01\/217.jpg?resize=300%2C225&amp;ssl=1 300w, https:\/\/i0.wp.com\/vg-damgan.fr\/site\/wp-content\/uploads\/2019\/01\/217.jpg?resize=768%2C576&amp;ssl=1 768w, https:\/\/i0.wp.com\/vg-damgan.fr\/site\/wp-content\/uploads\/2019\/01\/217.jpg?resize=678%2C509&amp;ssl=1 678w, https:\/\/i0.wp.com\/vg-damgan.fr\/site\/wp-content\/uploads\/2019\/01\/217.jpg?resize=326%2C245&amp;ssl=1 326w, https:\/\/i0.wp.com\/vg-damgan.fr\/site\/wp-content\/uploads\/2019\/01\/217.jpg?resize=80%2C60&amp;ssl=1 80w, https:\/\/i0.wp.com\/vg-damgan.fr\/site\/wp-content\/uploads\/2019\/01\/217.jpg?w=1024&amp;ssl=1 1024w\" sizes=\"auto, (max-width: 800px) 100vw, 800px\" \/><\/a><\/p>\n<p>et Fran\u00e7ois, notre mentor nous montre la bonne mani\u00e8re de calfater (218-219),<\/p>\n<p><a href=\"https:\/\/i0.wp.com\/vg-damgan.fr\/site\/wp-content\/uploads\/2019\/01\/218-1.jpg\"><img data-recalc-dims=\"1\" loading=\"lazy\" decoding=\"async\" data-attachment-id=\"2469\" data-permalink=\"https:\/\/vg-damgan.fr\/site\/2019\/01\/point-chantier-au-debut-de-cette-2019\/218-2\/\" data-orig-file=\"https:\/\/i0.wp.com\/vg-damgan.fr\/site\/wp-content\/uploads\/2019\/01\/218-1.jpg?fit=1024%2C768&amp;ssl=1\" data-orig-size=\"1024,768\" data-comments-opened=\"1\" data-image-meta=\"{&quot;aperture&quot;:&quot;0&quot;,&quot;credit&quot;:&quot;&quot;,&quot;camera&quot;:&quot;&quot;,&quot;caption&quot;:&quot;&quot;,&quot;created_timestamp&quot;:&quot;0&quot;,&quot;copyright&quot;:&quot;&quot;,&quot;focal_length&quot;:&quot;0&quot;,&quot;iso&quot;:&quot;0&quot;,&quot;shutter_speed&quot;:&quot;0&quot;,&quot;title&quot;:&quot;&quot;,&quot;orientation&quot;:&quot;0&quot;}\" data-image-title=\"218\" data-image-description=\"\" data-image-caption=\"\" data-large-file=\"https:\/\/i0.wp.com\/vg-damgan.fr\/site\/wp-content\/uploads\/2019\/01\/218-1.jpg?fit=800%2C600&amp;ssl=1\" class=\"aligncenter size-large wp-image-2469\" src=\"https:\/\/i0.wp.com\/vg-damgan.fr\/site\/wp-content\/uploads\/2019\/01\/218-1-800x600.jpg?resize=800%2C600\" alt=\"218\" width=\"800\" height=\"600\" srcset=\"https:\/\/i0.wp.com\/vg-damgan.fr\/site\/wp-content\/uploads\/2019\/01\/218-1.jpg?resize=800%2C600&amp;ssl=1 800w, https:\/\/i0.wp.com\/vg-damgan.fr\/site\/wp-content\/uploads\/2019\/01\/218-1.jpg?resize=300%2C225&amp;ssl=1 300w, https:\/\/i0.wp.com\/vg-damgan.fr\/site\/wp-content\/uploads\/2019\/01\/218-1.jpg?resize=768%2C576&amp;ssl=1 768w, https:\/\/i0.wp.com\/vg-damgan.fr\/site\/wp-content\/uploads\/2019\/01\/218-1.jpg?resize=678%2C509&amp;ssl=1 678w, https:\/\/i0.wp.com\/vg-damgan.fr\/site\/wp-content\/uploads\/2019\/01\/218-1.jpg?resize=326%2C245&amp;ssl=1 326w, https:\/\/i0.wp.com\/vg-damgan.fr\/site\/wp-content\/uploads\/2019\/01\/218-1.jpg?resize=80%2C60&amp;ssl=1 80w, https:\/\/i0.wp.com\/vg-damgan.fr\/site\/wp-content\/uploads\/2019\/01\/218-1.jpg?w=1024&amp;ssl=1 1024w\" sizes=\"auto, (max-width: 800px) 100vw, 800px\" \/><\/a><\/p>\n<p><a href=\"https:\/\/i0.wp.com\/vg-damgan.fr\/site\/wp-content\/uploads\/2019\/01\/219.jpg\"><img data-recalc-dims=\"1\" loading=\"lazy\" decoding=\"async\" data-attachment-id=\"2472\" data-permalink=\"https:\/\/vg-damgan.fr\/site\/2019\/01\/point-chantier-au-debut-de-cette-2019\/attachment\/219\/\" data-orig-file=\"https:\/\/i0.wp.com\/vg-damgan.fr\/site\/wp-content\/uploads\/2019\/01\/219.jpg?fit=1024%2C768&amp;ssl=1\" data-orig-size=\"1024,768\" data-comments-opened=\"1\" data-image-meta=\"{&quot;aperture&quot;:&quot;0&quot;,&quot;credit&quot;:&quot;&quot;,&quot;camera&quot;:&quot;&quot;,&quot;caption&quot;:&quot;&quot;,&quot;created_timestamp&quot;:&quot;0&quot;,&quot;copyright&quot;:&quot;&quot;,&quot;focal_length&quot;:&quot;0&quot;,&quot;iso&quot;:&quot;0&quot;,&quot;shutter_speed&quot;:&quot;0&quot;,&quot;title&quot;:&quot;&quot;,&quot;orientation&quot;:&quot;0&quot;}\" data-image-title=\"219\" data-image-description=\"\" data-image-caption=\"\" data-large-file=\"https:\/\/i0.wp.com\/vg-damgan.fr\/site\/wp-content\/uploads\/2019\/01\/219.jpg?fit=800%2C600&amp;ssl=1\" class=\"aligncenter size-large wp-image-2472\" src=\"https:\/\/i0.wp.com\/vg-damgan.fr\/site\/wp-content\/uploads\/2019\/01\/219-800x600.jpg?resize=800%2C600\" alt=\"219\" width=\"800\" height=\"600\" srcset=\"https:\/\/i0.wp.com\/vg-damgan.fr\/site\/wp-content\/uploads\/2019\/01\/219.jpg?resize=800%2C600&amp;ssl=1 800w, https:\/\/i0.wp.com\/vg-damgan.fr\/site\/wp-content\/uploads\/2019\/01\/219.jpg?resize=300%2C225&amp;ssl=1 300w, https:\/\/i0.wp.com\/vg-damgan.fr\/site\/wp-content\/uploads\/2019\/01\/219.jpg?resize=768%2C576&amp;ssl=1 768w, https:\/\/i0.wp.com\/vg-damgan.fr\/site\/wp-content\/uploads\/2019\/01\/219.jpg?resize=678%2C509&amp;ssl=1 678w, https:\/\/i0.wp.com\/vg-damgan.fr\/site\/wp-content\/uploads\/2019\/01\/219.jpg?resize=326%2C245&amp;ssl=1 326w, https:\/\/i0.wp.com\/vg-damgan.fr\/site\/wp-content\/uploads\/2019\/01\/219.jpg?resize=80%2C60&amp;ssl=1 80w, https:\/\/i0.wp.com\/vg-damgan.fr\/site\/wp-content\/uploads\/2019\/01\/219.jpg?w=1024&amp;ssl=1 1024w\" sizes=\"auto, (max-width: 800px) 100vw, 800px\" \/><\/a><\/p>\n<p>les bons outils et le bon geste (220-221),<\/p>\n<p><a href=\"https:\/\/i0.wp.com\/vg-damgan.fr\/site\/wp-content\/uploads\/2019\/01\/220.jpg\"><img data-recalc-dims=\"1\" loading=\"lazy\" decoding=\"async\" data-attachment-id=\"2471\" data-permalink=\"https:\/\/vg-damgan.fr\/site\/2019\/01\/point-chantier-au-debut-de-cette-2019\/attachment\/220\/\" data-orig-file=\"https:\/\/i0.wp.com\/vg-damgan.fr\/site\/wp-content\/uploads\/2019\/01\/220.jpg?fit=1024%2C768&amp;ssl=1\" data-orig-size=\"1024,768\" data-comments-opened=\"1\" data-image-meta=\"{&quot;aperture&quot;:&quot;0&quot;,&quot;credit&quot;:&quot;&quot;,&quot;camera&quot;:&quot;&quot;,&quot;caption&quot;:&quot;&quot;,&quot;created_timestamp&quot;:&quot;0&quot;,&quot;copyright&quot;:&quot;&quot;,&quot;focal_length&quot;:&quot;0&quot;,&quot;iso&quot;:&quot;0&quot;,&quot;shutter_speed&quot;:&quot;0&quot;,&quot;title&quot;:&quot;&quot;,&quot;orientation&quot;:&quot;0&quot;}\" data-image-title=\"220\" data-image-description=\"\" data-image-caption=\"\" data-large-file=\"https:\/\/i0.wp.com\/vg-damgan.fr\/site\/wp-content\/uploads\/2019\/01\/220.jpg?fit=800%2C600&amp;ssl=1\" class=\"aligncenter size-large wp-image-2471\" src=\"https:\/\/i0.wp.com\/vg-damgan.fr\/site\/wp-content\/uploads\/2019\/01\/220-800x600.jpg?resize=800%2C600\" alt=\"220\" width=\"800\" height=\"600\" srcset=\"https:\/\/i0.wp.com\/vg-damgan.fr\/site\/wp-content\/uploads\/2019\/01\/220.jpg?resize=800%2C600&amp;ssl=1 800w, https:\/\/i0.wp.com\/vg-damgan.fr\/site\/wp-content\/uploads\/2019\/01\/220.jpg?resize=300%2C225&amp;ssl=1 300w, https:\/\/i0.wp.com\/vg-damgan.fr\/site\/wp-content\/uploads\/2019\/01\/220.jpg?resize=768%2C576&amp;ssl=1 768w, https:\/\/i0.wp.com\/vg-damgan.fr\/site\/wp-content\/uploads\/2019\/01\/220.jpg?resize=678%2C509&amp;ssl=1 678w, https:\/\/i0.wp.com\/vg-damgan.fr\/site\/wp-content\/uploads\/2019\/01\/220.jpg?resize=326%2C245&amp;ssl=1 326w, https:\/\/i0.wp.com\/vg-damgan.fr\/site\/wp-content\/uploads\/2019\/01\/220.jpg?resize=80%2C60&amp;ssl=1 80w, https:\/\/i0.wp.com\/vg-damgan.fr\/site\/wp-content\/uploads\/2019\/01\/220.jpg?w=1024&amp;ssl=1 1024w\" sizes=\"auto, (max-width: 800px) 100vw, 800px\" \/><\/a><\/p>\n<p><a href=\"https:\/\/i0.wp.com\/vg-damgan.fr\/site\/wp-content\/uploads\/2019\/01\/221.jpg\"><img data-recalc-dims=\"1\" loading=\"lazy\" decoding=\"async\" data-attachment-id=\"2473\" data-permalink=\"https:\/\/vg-damgan.fr\/site\/2019\/01\/point-chantier-au-debut-de-cette-2019\/attachment\/221\/\" data-orig-file=\"https:\/\/i0.wp.com\/vg-damgan.fr\/site\/wp-content\/uploads\/2019\/01\/221.jpg?fit=1024%2C768&amp;ssl=1\" data-orig-size=\"1024,768\" data-comments-opened=\"1\" data-image-meta=\"{&quot;aperture&quot;:&quot;0&quot;,&quot;credit&quot;:&quot;&quot;,&quot;camera&quot;:&quot;&quot;,&quot;caption&quot;:&quot;&quot;,&quot;created_timestamp&quot;:&quot;0&quot;,&quot;copyright&quot;:&quot;&quot;,&quot;focal_length&quot;:&quot;0&quot;,&quot;iso&quot;:&quot;0&quot;,&quot;shutter_speed&quot;:&quot;0&quot;,&quot;title&quot;:&quot;&quot;,&quot;orientation&quot;:&quot;0&quot;}\" data-image-title=\"221\" data-image-description=\"\" data-image-caption=\"\" data-large-file=\"https:\/\/i0.wp.com\/vg-damgan.fr\/site\/wp-content\/uploads\/2019\/01\/221.jpg?fit=800%2C600&amp;ssl=1\" class=\"aligncenter size-large wp-image-2473\" src=\"https:\/\/i0.wp.com\/vg-damgan.fr\/site\/wp-content\/uploads\/2019\/01\/221-800x600.jpg?resize=800%2C600\" alt=\"221\" width=\"800\" height=\"600\" srcset=\"https:\/\/i0.wp.com\/vg-damgan.fr\/site\/wp-content\/uploads\/2019\/01\/221.jpg?resize=800%2C600&amp;ssl=1 800w, https:\/\/i0.wp.com\/vg-damgan.fr\/site\/wp-content\/uploads\/2019\/01\/221.jpg?resize=300%2C225&amp;ssl=1 300w, https:\/\/i0.wp.com\/vg-damgan.fr\/site\/wp-content\/uploads\/2019\/01\/221.jpg?resize=768%2C576&amp;ssl=1 768w, https:\/\/i0.wp.com\/vg-damgan.fr\/site\/wp-content\/uploads\/2019\/01\/221.jpg?resize=678%2C509&amp;ssl=1 678w, https:\/\/i0.wp.com\/vg-damgan.fr\/site\/wp-content\/uploads\/2019\/01\/221.jpg?resize=326%2C245&amp;ssl=1 326w, https:\/\/i0.wp.com\/vg-damgan.fr\/site\/wp-content\/uploads\/2019\/01\/221.jpg?resize=80%2C60&amp;ssl=1 80w, https:\/\/i0.wp.com\/vg-damgan.fr\/site\/wp-content\/uploads\/2019\/01\/221.jpg?w=1024&amp;ssl=1 1024w\" sizes=\"auto, (max-width: 800px) 100vw, 800px\" \/><\/a><\/p>\n<p>m\u00eame Alain s\u2019y essaye, et cela progresse bien (222).<\/p>\n<p><a href=\"https:\/\/i0.wp.com\/vg-damgan.fr\/site\/wp-content\/uploads\/2019\/01\/222.jpg\"><img data-recalc-dims=\"1\" loading=\"lazy\" decoding=\"async\" data-attachment-id=\"2474\" data-permalink=\"https:\/\/vg-damgan.fr\/site\/2019\/01\/point-chantier-au-debut-de-cette-2019\/attachment\/222\/\" data-orig-file=\"https:\/\/i0.wp.com\/vg-damgan.fr\/site\/wp-content\/uploads\/2019\/01\/222.jpg?fit=1024%2C768&amp;ssl=1\" data-orig-size=\"1024,768\" data-comments-opened=\"1\" data-image-meta=\"{&quot;aperture&quot;:&quot;0&quot;,&quot;credit&quot;:&quot;&quot;,&quot;camera&quot;:&quot;&quot;,&quot;caption&quot;:&quot;&quot;,&quot;created_timestamp&quot;:&quot;0&quot;,&quot;copyright&quot;:&quot;&quot;,&quot;focal_length&quot;:&quot;0&quot;,&quot;iso&quot;:&quot;0&quot;,&quot;shutter_speed&quot;:&quot;0&quot;,&quot;title&quot;:&quot;&quot;,&quot;orientation&quot;:&quot;0&quot;}\" data-image-title=\"222\" data-image-description=\"\" data-image-caption=\"\" data-large-file=\"https:\/\/i0.wp.com\/vg-damgan.fr\/site\/wp-content\/uploads\/2019\/01\/222.jpg?fit=800%2C600&amp;ssl=1\" class=\"aligncenter size-large wp-image-2474\" src=\"https:\/\/i0.wp.com\/vg-damgan.fr\/site\/wp-content\/uploads\/2019\/01\/222-800x600.jpg?resize=800%2C600\" alt=\"222\" width=\"800\" height=\"600\" srcset=\"https:\/\/i0.wp.com\/vg-damgan.fr\/site\/wp-content\/uploads\/2019\/01\/222.jpg?resize=800%2C600&amp;ssl=1 800w, https:\/\/i0.wp.com\/vg-damgan.fr\/site\/wp-content\/uploads\/2019\/01\/222.jpg?resize=300%2C225&amp;ssl=1 300w, https:\/\/i0.wp.com\/vg-damgan.fr\/site\/wp-content\/uploads\/2019\/01\/222.jpg?resize=768%2C576&amp;ssl=1 768w, https:\/\/i0.wp.com\/vg-damgan.fr\/site\/wp-content\/uploads\/2019\/01\/222.jpg?resize=678%2C509&amp;ssl=1 678w, https:\/\/i0.wp.com\/vg-damgan.fr\/site\/wp-content\/uploads\/2019\/01\/222.jpg?resize=326%2C245&amp;ssl=1 326w, https:\/\/i0.wp.com\/vg-damgan.fr\/site\/wp-content\/uploads\/2019\/01\/222.jpg?resize=80%2C60&amp;ssl=1 80w, https:\/\/i0.wp.com\/vg-damgan.fr\/site\/wp-content\/uploads\/2019\/01\/222.jpg?w=1024&amp;ssl=1 1024w\" sizes=\"auto, (max-width: 800px) 100vw, 800px\" \/><\/a><\/p>\n<p>&nbsp;<\/p>\n<h1>Point chantier\u00a0apr\u00e8s les vacances:<\/h1>\n<p>10 janvier, reprise\u2026\u00a0\u00a0 Pierre et Jean-Paul s\u2019affairent \u00e0 mastiquer les t\u00eates de vis des bord\u00e9e\u00a0 (223)<\/p>\n<p><a href=\"https:\/\/i0.wp.com\/vg-damgan.fr\/site\/wp-content\/uploads\/2019\/01\/223.jpg\"><img data-recalc-dims=\"1\" loading=\"lazy\" decoding=\"async\" data-attachment-id=\"2476\" data-permalink=\"https:\/\/vg-damgan.fr\/site\/2019\/01\/point-chantier-au-debut-de-cette-2019\/attachment\/223\/\" data-orig-file=\"https:\/\/i0.wp.com\/vg-damgan.fr\/site\/wp-content\/uploads\/2019\/01\/223.jpg?fit=1024%2C768&amp;ssl=1\" data-orig-size=\"1024,768\" data-comments-opened=\"1\" data-image-meta=\"{&quot;aperture&quot;:&quot;0&quot;,&quot;credit&quot;:&quot;&quot;,&quot;camera&quot;:&quot;&quot;,&quot;caption&quot;:&quot;&quot;,&quot;created_timestamp&quot;:&quot;0&quot;,&quot;copyright&quot;:&quot;&quot;,&quot;focal_length&quot;:&quot;0&quot;,&quot;iso&quot;:&quot;0&quot;,&quot;shutter_speed&quot;:&quot;0&quot;,&quot;title&quot;:&quot;&quot;,&quot;orientation&quot;:&quot;0&quot;}\" data-image-title=\"223\" data-image-description=\"\" data-image-caption=\"\" data-large-file=\"https:\/\/i0.wp.com\/vg-damgan.fr\/site\/wp-content\/uploads\/2019\/01\/223.jpg?fit=800%2C600&amp;ssl=1\" class=\"aligncenter size-large wp-image-2476\" src=\"https:\/\/i0.wp.com\/vg-damgan.fr\/site\/wp-content\/uploads\/2019\/01\/223-800x600.jpg?resize=800%2C600\" alt=\"223\" width=\"800\" height=\"600\" srcset=\"https:\/\/i0.wp.com\/vg-damgan.fr\/site\/wp-content\/uploads\/2019\/01\/223.jpg?resize=800%2C600&amp;ssl=1 800w, https:\/\/i0.wp.com\/vg-damgan.fr\/site\/wp-content\/uploads\/2019\/01\/223.jpg?resize=300%2C225&amp;ssl=1 300w, https:\/\/i0.wp.com\/vg-damgan.fr\/site\/wp-content\/uploads\/2019\/01\/223.jpg?resize=768%2C576&amp;ssl=1 768w, https:\/\/i0.wp.com\/vg-damgan.fr\/site\/wp-content\/uploads\/2019\/01\/223.jpg?resize=678%2C509&amp;ssl=1 678w, https:\/\/i0.wp.com\/vg-damgan.fr\/site\/wp-content\/uploads\/2019\/01\/223.jpg?resize=326%2C245&amp;ssl=1 326w, https:\/\/i0.wp.com\/vg-damgan.fr\/site\/wp-content\/uploads\/2019\/01\/223.jpg?resize=80%2C60&amp;ssl=1 80w, https:\/\/i0.wp.com\/vg-damgan.fr\/site\/wp-content\/uploads\/2019\/01\/223.jpg?w=1024&amp;ssl=1 1024w\" sizes=\"auto, (max-width: 800px) 100vw, 800px\" \/><\/a><\/p>\n<p>pendant que Fran\u00e7ois commence le calfatage, apr\u00e8s d\u00e9monstration, tous s\u2019y mettent (224-225).<\/p>\n<p><a href=\"https:\/\/i0.wp.com\/vg-damgan.fr\/site\/wp-content\/uploads\/2019\/01\/224.jpg\"><img data-recalc-dims=\"1\" loading=\"lazy\" decoding=\"async\" data-attachment-id=\"2477\" data-permalink=\"https:\/\/vg-damgan.fr\/site\/2019\/01\/point-chantier-au-debut-de-cette-2019\/attachment\/224\/\" data-orig-file=\"https:\/\/i0.wp.com\/vg-damgan.fr\/site\/wp-content\/uploads\/2019\/01\/224.jpg?fit=1024%2C768&amp;ssl=1\" data-orig-size=\"1024,768\" data-comments-opened=\"1\" data-image-meta=\"{&quot;aperture&quot;:&quot;0&quot;,&quot;credit&quot;:&quot;&quot;,&quot;camera&quot;:&quot;&quot;,&quot;caption&quot;:&quot;&quot;,&quot;created_timestamp&quot;:&quot;0&quot;,&quot;copyright&quot;:&quot;&quot;,&quot;focal_length&quot;:&quot;0&quot;,&quot;iso&quot;:&quot;0&quot;,&quot;shutter_speed&quot;:&quot;0&quot;,&quot;title&quot;:&quot;&quot;,&quot;orientation&quot;:&quot;0&quot;}\" data-image-title=\"224\" data-image-description=\"\" data-image-caption=\"\" data-large-file=\"https:\/\/i0.wp.com\/vg-damgan.fr\/site\/wp-content\/uploads\/2019\/01\/224.jpg?fit=800%2C600&amp;ssl=1\" class=\"aligncenter size-large wp-image-2477\" src=\"https:\/\/i0.wp.com\/vg-damgan.fr\/site\/wp-content\/uploads\/2019\/01\/224-800x600.jpg?resize=800%2C600\" alt=\"224\" width=\"800\" height=\"600\" srcset=\"https:\/\/i0.wp.com\/vg-damgan.fr\/site\/wp-content\/uploads\/2019\/01\/224.jpg?resize=800%2C600&amp;ssl=1 800w, https:\/\/i0.wp.com\/vg-damgan.fr\/site\/wp-content\/uploads\/2019\/01\/224.jpg?resize=300%2C225&amp;ssl=1 300w, https:\/\/i0.wp.com\/vg-damgan.fr\/site\/wp-content\/uploads\/2019\/01\/224.jpg?resize=768%2C576&amp;ssl=1 768w, https:\/\/i0.wp.com\/vg-damgan.fr\/site\/wp-content\/uploads\/2019\/01\/224.jpg?resize=678%2C509&amp;ssl=1 678w, https:\/\/i0.wp.com\/vg-damgan.fr\/site\/wp-content\/uploads\/2019\/01\/224.jpg?resize=326%2C245&amp;ssl=1 326w, https:\/\/i0.wp.com\/vg-damgan.fr\/site\/wp-content\/uploads\/2019\/01\/224.jpg?resize=80%2C60&amp;ssl=1 80w, https:\/\/i0.wp.com\/vg-damgan.fr\/site\/wp-content\/uploads\/2019\/01\/224.jpg?w=1024&amp;ssl=1 1024w\" sizes=\"auto, (max-width: 800px) 100vw, 800px\" \/><\/a><\/p>\n<p><a href=\"https:\/\/i0.wp.com\/vg-damgan.fr\/site\/wp-content\/uploads\/2019\/01\/225.jpg\"><img data-recalc-dims=\"1\" loading=\"lazy\" decoding=\"async\" data-attachment-id=\"2478\" data-permalink=\"https:\/\/vg-damgan.fr\/site\/2019\/01\/point-chantier-au-debut-de-cette-2019\/attachment\/225\/\" data-orig-file=\"https:\/\/i0.wp.com\/vg-damgan.fr\/site\/wp-content\/uploads\/2019\/01\/225.jpg?fit=1024%2C768&amp;ssl=1\" data-orig-size=\"1024,768\" data-comments-opened=\"1\" data-image-meta=\"{&quot;aperture&quot;:&quot;0&quot;,&quot;credit&quot;:&quot;&quot;,&quot;camera&quot;:&quot;&quot;,&quot;caption&quot;:&quot;&quot;,&quot;created_timestamp&quot;:&quot;0&quot;,&quot;copyright&quot;:&quot;&quot;,&quot;focal_length&quot;:&quot;0&quot;,&quot;iso&quot;:&quot;0&quot;,&quot;shutter_speed&quot;:&quot;0&quot;,&quot;title&quot;:&quot;&quot;,&quot;orientation&quot;:&quot;0&quot;}\" data-image-title=\"225\" data-image-description=\"\" data-image-caption=\"\" data-large-file=\"https:\/\/i0.wp.com\/vg-damgan.fr\/site\/wp-content\/uploads\/2019\/01\/225.jpg?fit=800%2C600&amp;ssl=1\" class=\"aligncenter size-large wp-image-2478\" src=\"https:\/\/i0.wp.com\/vg-damgan.fr\/site\/wp-content\/uploads\/2019\/01\/225-800x600.jpg?resize=800%2C600\" alt=\"225\" width=\"800\" height=\"600\" srcset=\"https:\/\/i0.wp.com\/vg-damgan.fr\/site\/wp-content\/uploads\/2019\/01\/225.jpg?resize=800%2C600&amp;ssl=1 800w, https:\/\/i0.wp.com\/vg-damgan.fr\/site\/wp-content\/uploads\/2019\/01\/225.jpg?resize=300%2C225&amp;ssl=1 300w, https:\/\/i0.wp.com\/vg-damgan.fr\/site\/wp-content\/uploads\/2019\/01\/225.jpg?resize=768%2C576&amp;ssl=1 768w, https:\/\/i0.wp.com\/vg-damgan.fr\/site\/wp-content\/uploads\/2019\/01\/225.jpg?resize=678%2C509&amp;ssl=1 678w, https:\/\/i0.wp.com\/vg-damgan.fr\/site\/wp-content\/uploads\/2019\/01\/225.jpg?resize=326%2C245&amp;ssl=1 326w, https:\/\/i0.wp.com\/vg-damgan.fr\/site\/wp-content\/uploads\/2019\/01\/225.jpg?resize=80%2C60&amp;ssl=1 80w, https:\/\/i0.wp.com\/vg-damgan.fr\/site\/wp-content\/uploads\/2019\/01\/225.jpg?w=1024&amp;ssl=1 1024w\" sizes=\"auto, (max-width: 800px) 100vw, 800px\" \/><\/a><\/p>\n<p>Puis peinture et encore mastic dans ces coutures (226-227).<\/p>\n<p><a href=\"https:\/\/i0.wp.com\/vg-damgan.fr\/site\/wp-content\/uploads\/2019\/01\/226.jpg\"><img data-recalc-dims=\"1\" loading=\"lazy\" decoding=\"async\" data-attachment-id=\"2479\" data-permalink=\"https:\/\/vg-damgan.fr\/site\/2019\/01\/point-chantier-au-debut-de-cette-2019\/attachment\/226\/\" data-orig-file=\"https:\/\/i0.wp.com\/vg-damgan.fr\/site\/wp-content\/uploads\/2019\/01\/226.jpg?fit=1024%2C768&amp;ssl=1\" data-orig-size=\"1024,768\" data-comments-opened=\"1\" data-image-meta=\"{&quot;aperture&quot;:&quot;0&quot;,&quot;credit&quot;:&quot;&quot;,&quot;camera&quot;:&quot;&quot;,&quot;caption&quot;:&quot;&quot;,&quot;created_timestamp&quot;:&quot;0&quot;,&quot;copyright&quot;:&quot;&quot;,&quot;focal_length&quot;:&quot;0&quot;,&quot;iso&quot;:&quot;0&quot;,&quot;shutter_speed&quot;:&quot;0&quot;,&quot;title&quot;:&quot;&quot;,&quot;orientation&quot;:&quot;0&quot;}\" data-image-title=\"226\" data-image-description=\"\" data-image-caption=\"\" data-large-file=\"https:\/\/i0.wp.com\/vg-damgan.fr\/site\/wp-content\/uploads\/2019\/01\/226.jpg?fit=800%2C600&amp;ssl=1\" class=\"aligncenter size-large wp-image-2479\" src=\"https:\/\/i0.wp.com\/vg-damgan.fr\/site\/wp-content\/uploads\/2019\/01\/226-800x600.jpg?resize=800%2C600\" alt=\"226\" width=\"800\" height=\"600\" srcset=\"https:\/\/i0.wp.com\/vg-damgan.fr\/site\/wp-content\/uploads\/2019\/01\/226.jpg?resize=800%2C600&amp;ssl=1 800w, https:\/\/i0.wp.com\/vg-damgan.fr\/site\/wp-content\/uploads\/2019\/01\/226.jpg?resize=300%2C225&amp;ssl=1 300w, https:\/\/i0.wp.com\/vg-damgan.fr\/site\/wp-content\/uploads\/2019\/01\/226.jpg?resize=768%2C576&amp;ssl=1 768w, https:\/\/i0.wp.com\/vg-damgan.fr\/site\/wp-content\/uploads\/2019\/01\/226.jpg?resize=678%2C509&amp;ssl=1 678w, https:\/\/i0.wp.com\/vg-damgan.fr\/site\/wp-content\/uploads\/2019\/01\/226.jpg?resize=326%2C245&amp;ssl=1 326w, https:\/\/i0.wp.com\/vg-damgan.fr\/site\/wp-content\/uploads\/2019\/01\/226.jpg?resize=80%2C60&amp;ssl=1 80w, https:\/\/i0.wp.com\/vg-damgan.fr\/site\/wp-content\/uploads\/2019\/01\/226.jpg?w=1024&amp;ssl=1 1024w\" sizes=\"auto, (max-width: 800px) 100vw, 800px\" \/><\/a><\/p>\n<p><a href=\"https:\/\/i0.wp.com\/vg-damgan.fr\/site\/wp-content\/uploads\/2019\/01\/227.jpg\"><img data-recalc-dims=\"1\" loading=\"lazy\" decoding=\"async\" data-attachment-id=\"2480\" data-permalink=\"https:\/\/vg-damgan.fr\/site\/2019\/01\/point-chantier-au-debut-de-cette-2019\/attachment\/227\/\" data-orig-file=\"https:\/\/i0.wp.com\/vg-damgan.fr\/site\/wp-content\/uploads\/2019\/01\/227.jpg?fit=1024%2C768&amp;ssl=1\" data-orig-size=\"1024,768\" data-comments-opened=\"1\" data-image-meta=\"{&quot;aperture&quot;:&quot;0&quot;,&quot;credit&quot;:&quot;&quot;,&quot;camera&quot;:&quot;&quot;,&quot;caption&quot;:&quot;&quot;,&quot;created_timestamp&quot;:&quot;0&quot;,&quot;copyright&quot;:&quot;&quot;,&quot;focal_length&quot;:&quot;0&quot;,&quot;iso&quot;:&quot;0&quot;,&quot;shutter_speed&quot;:&quot;0&quot;,&quot;title&quot;:&quot;&quot;,&quot;orientation&quot;:&quot;0&quot;}\" data-image-title=\"227\" data-image-description=\"\" data-image-caption=\"\" data-large-file=\"https:\/\/i0.wp.com\/vg-damgan.fr\/site\/wp-content\/uploads\/2019\/01\/227.jpg?fit=800%2C600&amp;ssl=1\" class=\"aligncenter size-large wp-image-2480\" src=\"https:\/\/i0.wp.com\/vg-damgan.fr\/site\/wp-content\/uploads\/2019\/01\/227-800x600.jpg?resize=800%2C600\" alt=\"227\" width=\"800\" height=\"600\" srcset=\"https:\/\/i0.wp.com\/vg-damgan.fr\/site\/wp-content\/uploads\/2019\/01\/227.jpg?resize=800%2C600&amp;ssl=1 800w, https:\/\/i0.wp.com\/vg-damgan.fr\/site\/wp-content\/uploads\/2019\/01\/227.jpg?resize=300%2C225&amp;ssl=1 300w, https:\/\/i0.wp.com\/vg-damgan.fr\/site\/wp-content\/uploads\/2019\/01\/227.jpg?resize=768%2C576&amp;ssl=1 768w, https:\/\/i0.wp.com\/vg-damgan.fr\/site\/wp-content\/uploads\/2019\/01\/227.jpg?resize=678%2C509&amp;ssl=1 678w, https:\/\/i0.wp.com\/vg-damgan.fr\/site\/wp-content\/uploads\/2019\/01\/227.jpg?resize=326%2C245&amp;ssl=1 326w, https:\/\/i0.wp.com\/vg-damgan.fr\/site\/wp-content\/uploads\/2019\/01\/227.jpg?resize=80%2C60&amp;ssl=1 80w, https:\/\/i0.wp.com\/vg-damgan.fr\/site\/wp-content\/uploads\/2019\/01\/227.jpg?w=1024&amp;ssl=1 1024w\" sizes=\"auto, (max-width: 800px) 100vw, 800px\" \/><\/a><\/p>\n<p>Pendant ce temps, Patrick et Alain commencent le plancher qu\u2019il faut \u00ab\u00a0encastrer\u00a0\u00bb au niveau de chaque membrure (228-229)<\/p>\n<p><a href=\"https:\/\/i0.wp.com\/vg-damgan.fr\/site\/wp-content\/uploads\/2019\/01\/228.jpg\"><img data-recalc-dims=\"1\" loading=\"lazy\" decoding=\"async\" data-attachment-id=\"2481\" data-permalink=\"https:\/\/vg-damgan.fr\/site\/2019\/01\/point-chantier-au-debut-de-cette-2019\/attachment\/228\/\" data-orig-file=\"https:\/\/i0.wp.com\/vg-damgan.fr\/site\/wp-content\/uploads\/2019\/01\/228.jpg?fit=1024%2C768&amp;ssl=1\" data-orig-size=\"1024,768\" data-comments-opened=\"1\" data-image-meta=\"{&quot;aperture&quot;:&quot;0&quot;,&quot;credit&quot;:&quot;&quot;,&quot;camera&quot;:&quot;&quot;,&quot;caption&quot;:&quot;&quot;,&quot;created_timestamp&quot;:&quot;0&quot;,&quot;copyright&quot;:&quot;&quot;,&quot;focal_length&quot;:&quot;0&quot;,&quot;iso&quot;:&quot;0&quot;,&quot;shutter_speed&quot;:&quot;0&quot;,&quot;title&quot;:&quot;&quot;,&quot;orientation&quot;:&quot;0&quot;}\" data-image-title=\"228\" data-image-description=\"\" data-image-caption=\"\" data-large-file=\"https:\/\/i0.wp.com\/vg-damgan.fr\/site\/wp-content\/uploads\/2019\/01\/228.jpg?fit=800%2C600&amp;ssl=1\" class=\"aligncenter size-large wp-image-2481\" src=\"https:\/\/i0.wp.com\/vg-damgan.fr\/site\/wp-content\/uploads\/2019\/01\/228-800x600.jpg?resize=800%2C600\" alt=\"228\" width=\"800\" height=\"600\" srcset=\"https:\/\/i0.wp.com\/vg-damgan.fr\/site\/wp-content\/uploads\/2019\/01\/228.jpg?resize=800%2C600&amp;ssl=1 800w, https:\/\/i0.wp.com\/vg-damgan.fr\/site\/wp-content\/uploads\/2019\/01\/228.jpg?resize=300%2C225&amp;ssl=1 300w, https:\/\/i0.wp.com\/vg-damgan.fr\/site\/wp-content\/uploads\/2019\/01\/228.jpg?resize=768%2C576&amp;ssl=1 768w, https:\/\/i0.wp.com\/vg-damgan.fr\/site\/wp-content\/uploads\/2019\/01\/228.jpg?resize=678%2C509&amp;ssl=1 678w, https:\/\/i0.wp.com\/vg-damgan.fr\/site\/wp-content\/uploads\/2019\/01\/228.jpg?resize=326%2C245&amp;ssl=1 326w, https:\/\/i0.wp.com\/vg-damgan.fr\/site\/wp-content\/uploads\/2019\/01\/228.jpg?resize=80%2C60&amp;ssl=1 80w, https:\/\/i0.wp.com\/vg-damgan.fr\/site\/wp-content\/uploads\/2019\/01\/228.jpg?w=1024&amp;ssl=1 1024w\" sizes=\"auto, (max-width: 800px) 100vw, 800px\" \/><\/a><\/p>\n<p><a href=\"https:\/\/i0.wp.com\/vg-damgan.fr\/site\/wp-content\/uploads\/2019\/01\/229.jpg\"><img data-recalc-dims=\"1\" loading=\"lazy\" decoding=\"async\" data-attachment-id=\"2482\" data-permalink=\"https:\/\/vg-damgan.fr\/site\/2019\/01\/point-chantier-au-debut-de-cette-2019\/attachment\/229\/\" data-orig-file=\"https:\/\/i0.wp.com\/vg-damgan.fr\/site\/wp-content\/uploads\/2019\/01\/229.jpg?fit=1024%2C768&amp;ssl=1\" data-orig-size=\"1024,768\" data-comments-opened=\"1\" data-image-meta=\"{&quot;aperture&quot;:&quot;0&quot;,&quot;credit&quot;:&quot;&quot;,&quot;camera&quot;:&quot;&quot;,&quot;caption&quot;:&quot;&quot;,&quot;created_timestamp&quot;:&quot;0&quot;,&quot;copyright&quot;:&quot;&quot;,&quot;focal_length&quot;:&quot;0&quot;,&quot;iso&quot;:&quot;0&quot;,&quot;shutter_speed&quot;:&quot;0&quot;,&quot;title&quot;:&quot;&quot;,&quot;orientation&quot;:&quot;0&quot;}\" data-image-title=\"229\" data-image-description=\"\" data-image-caption=\"\" data-large-file=\"https:\/\/i0.wp.com\/vg-damgan.fr\/site\/wp-content\/uploads\/2019\/01\/229.jpg?fit=800%2C600&amp;ssl=1\" class=\"aligncenter size-large wp-image-2482\" src=\"https:\/\/i0.wp.com\/vg-damgan.fr\/site\/wp-content\/uploads\/2019\/01\/229-800x600.jpg?resize=800%2C600\" alt=\"229\" width=\"800\" height=\"600\" srcset=\"https:\/\/i0.wp.com\/vg-damgan.fr\/site\/wp-content\/uploads\/2019\/01\/229.jpg?resize=800%2C600&amp;ssl=1 800w, https:\/\/i0.wp.com\/vg-damgan.fr\/site\/wp-content\/uploads\/2019\/01\/229.jpg?resize=300%2C225&amp;ssl=1 300w, https:\/\/i0.wp.com\/vg-damgan.fr\/site\/wp-content\/uploads\/2019\/01\/229.jpg?resize=768%2C576&amp;ssl=1 768w, https:\/\/i0.wp.com\/vg-damgan.fr\/site\/wp-content\/uploads\/2019\/01\/229.jpg?resize=678%2C509&amp;ssl=1 678w, https:\/\/i0.wp.com\/vg-damgan.fr\/site\/wp-content\/uploads\/2019\/01\/229.jpg?resize=326%2C245&amp;ssl=1 326w, https:\/\/i0.wp.com\/vg-damgan.fr\/site\/wp-content\/uploads\/2019\/01\/229.jpg?resize=80%2C60&amp;ssl=1 80w, https:\/\/i0.wp.com\/vg-damgan.fr\/site\/wp-content\/uploads\/2019\/01\/229.jpg?w=1024&amp;ssl=1 1024w\" sizes=\"auto, (max-width: 800px) 100vw, 800px\" \/><\/a><\/p>\n<p>et le r\u00e9sultat de cette premi\u00e8re partie est bien beau \u00e0 voir (230).<\/p>\n<p><a href=\"https:\/\/i0.wp.com\/vg-damgan.fr\/site\/wp-content\/uploads\/2019\/01\/230.jpg\"><img data-recalc-dims=\"1\" loading=\"lazy\" decoding=\"async\" data-attachment-id=\"2483\" data-permalink=\"https:\/\/vg-damgan.fr\/site\/2019\/01\/point-chantier-au-debut-de-cette-2019\/attachment\/230\/\" data-orig-file=\"https:\/\/i0.wp.com\/vg-damgan.fr\/site\/wp-content\/uploads\/2019\/01\/230.jpg?fit=1024%2C768&amp;ssl=1\" data-orig-size=\"1024,768\" data-comments-opened=\"1\" data-image-meta=\"{&quot;aperture&quot;:&quot;0&quot;,&quot;credit&quot;:&quot;&quot;,&quot;camera&quot;:&quot;&quot;,&quot;caption&quot;:&quot;&quot;,&quot;created_timestamp&quot;:&quot;0&quot;,&quot;copyright&quot;:&quot;&quot;,&quot;focal_length&quot;:&quot;0&quot;,&quot;iso&quot;:&quot;0&quot;,&quot;shutter_speed&quot;:&quot;0&quot;,&quot;title&quot;:&quot;&quot;,&quot;orientation&quot;:&quot;0&quot;}\" data-image-title=\"230\" data-image-description=\"\" data-image-caption=\"\" data-large-file=\"https:\/\/i0.wp.com\/vg-damgan.fr\/site\/wp-content\/uploads\/2019\/01\/230.jpg?fit=800%2C600&amp;ssl=1\" class=\"aligncenter size-large wp-image-2483\" src=\"https:\/\/i0.wp.com\/vg-damgan.fr\/site\/wp-content\/uploads\/2019\/01\/230-800x600.jpg?resize=800%2C600\" alt=\"230\" width=\"800\" height=\"600\" srcset=\"https:\/\/i0.wp.com\/vg-damgan.fr\/site\/wp-content\/uploads\/2019\/01\/230.jpg?resize=800%2C600&amp;ssl=1 800w, https:\/\/i0.wp.com\/vg-damgan.fr\/site\/wp-content\/uploads\/2019\/01\/230.jpg?resize=300%2C225&amp;ssl=1 300w, https:\/\/i0.wp.com\/vg-damgan.fr\/site\/wp-content\/uploads\/2019\/01\/230.jpg?resize=768%2C576&amp;ssl=1 768w, https:\/\/i0.wp.com\/vg-damgan.fr\/site\/wp-content\/uploads\/2019\/01\/230.jpg?resize=678%2C509&amp;ssl=1 678w, https:\/\/i0.wp.com\/vg-damgan.fr\/site\/wp-content\/uploads\/2019\/01\/230.jpg?resize=326%2C245&amp;ssl=1 326w, https:\/\/i0.wp.com\/vg-damgan.fr\/site\/wp-content\/uploads\/2019\/01\/230.jpg?resize=80%2C60&amp;ssl=1 80w, https:\/\/i0.wp.com\/vg-damgan.fr\/site\/wp-content\/uploads\/2019\/01\/230.jpg?w=1024&amp;ssl=1 1024w\" sizes=\"auto, (max-width: 800px) 100vw, 800px\" \/><\/a><\/p>\n<h2>La semaine prochaine, nous entamons la partie \u00ab\u00a0moteur\u00a0\u00bb\u00a0!<\/h2>\n<p><em>Article r\u00e9dig\u00e9 par Manu.<\/em><\/p>\n","protected":false},"excerpt":{"rendered":"<div class=\"mh-excerpt\"><p>Avant toute chose, Nous vous souhaitons \u00e0 toutes et tous une bonne ann\u00e9e 2019. Cette ann\u00e9e 2019 sera une ann\u00e9e tr\u00e8s importante pour notre association car la <a class=\"mh-excerpt-more\" href=\"https:\/\/vg-damgan.fr\/site\/2019\/01\/point-chantier-au-debut-de-cette-2019\/\" title=\"Point chantier au d\u00e9but de cette ann\u00e9e 2019\">&#8230;[Lire la suite&#8230;]<\/a><\/p>\n<\/div>","protected":false},"author":4,"featured_media":2487,"comment_status":"open","ping_status":"open","sticky":false,"template":"","format":"standard","meta":{"_monsterinsights_skip_tracking":false,"_monsterinsights_sitenote_active":false,"_monsterinsights_sitenote_note":"","_monsterinsights_sitenote_category":0,"jetpack_post_was_ever_published":false,"_jetpack_newsletter_access":"","_jetpack_dont_email_post_to_subs":true,"_jetpack_newsletter_tier_id":0,"_jetpack_memberships_contains_paywalled_content":false,"_jetpack_memberships_contains_paid_content":false,"footnotes":""},"categories":[31,19,4],"tags":[],"class_list":["post-2462","post","type-post","status-publish","format-standard","has-post-thumbnail","hentry","category-actualite","category-chantier","category-vie-de-lassociation","odd"],"yoast_head":"<!-- This site is optimized with the Yoast SEO plugin v27.5 - https:\/\/yoast.com\/product\/yoast-seo-wordpress\/ -->\n<title>Point chantier au d\u00e9but de cette ann\u00e9e 2019 - Un vieux gr\u00e9ement pour Damgan<\/title>\n<meta name=\"description\" content=\"Pour d\u00e9buter cette ann\u00e9e 2019, nous vous pr\u00e9sentons tout nos v\u0153ux. D&#039;ici quelques mois le Reder Mor 6 devrait naviguer et participer \u00e0 la semaine du golfe! En attendant voil\u00e0 le dernier point sur le chantier.\" \/>\n<meta name=\"robots\" content=\"index, follow, max-snippet:-1, max-image-preview:large, max-video-preview:-1\" \/>\n<link rel=\"canonical\" href=\"https:\/\/vg-damgan.fr\/site\/2019\/01\/point-chantier-au-debut-de-cette-2019\/\" \/>\n<meta property=\"og:locale\" content=\"fr_FR\" \/>\n<meta property=\"og:type\" content=\"article\" \/>\n<meta property=\"og:title\" content=\"Point chantier au d\u00e9but de cette ann\u00e9e 2019 - Un vieux gr\u00e9ement pour Damgan\" \/>\n<meta property=\"og:description\" content=\"Pour d\u00e9buter cette ann\u00e9e 2019, nous vous pr\u00e9sentons tout nos v\u0153ux. D&#039;ici quelques mois le Reder Mor 6 devrait naviguer et participer \u00e0 la semaine du golfe! En attendant voil\u00e0 le dernier point sur le chantier.\" \/>\n<meta property=\"og:url\" content=\"https:\/\/vg-damgan.fr\/site\/2019\/01\/point-chantier-au-debut-de-cette-2019\/\" \/>\n<meta property=\"og:site_name\" content=\"Un vieux gr\u00e9ement pour Damgan\" \/>\n<meta property=\"article:publisher\" content=\"https:\/\/www.facebook.com\/VGDamgan\" \/>\n<meta property=\"article:published_time\" content=\"2019-01-14T11:12:17+00:00\" \/>\n<meta property=\"article:modified_time\" content=\"2019-01-17T21:00:41+00:00\" \/>\n<meta property=\"og:image\" content=\"https:\/\/i0.wp.com\/vg-damgan.fr\/site\/wp-content\/uploads\/2019\/01\/article-rm6-point-chantier-reder-mor-6-damgan-14-janvier-2019.jpg?fit=800%2C445&ssl=1\" \/>\n\t<meta property=\"og:image:width\" content=\"800\" \/>\n\t<meta property=\"og:image:height\" content=\"445\" \/>\n\t<meta property=\"og:image:type\" content=\"image\/jpeg\" \/>\n<meta name=\"author\" content=\"L&#039;\u00e9quipe VGD\" \/>\n<meta name=\"twitter:card\" content=\"summary_large_image\" \/>\n<meta name=\"twitter:label1\" content=\"\u00c9crit par\" \/>\n\t<meta name=\"twitter:data1\" content=\"L&#039;\u00e9quipe VGD\" \/>\n\t<meta name=\"twitter:label2\" content=\"Dur\u00e9e de lecture estim\u00e9e\" \/>\n\t<meta name=\"twitter:data2\" content=\"2 minutes\" \/>\n<script type=\"application\/ld+json\" class=\"yoast-schema-graph\">{\"@context\":\"https:\\\/\\\/schema.org\",\"@graph\":[{\"@type\":\"Article\",\"@id\":\"https:\\\/\\\/vg-damgan.fr\\\/site\\\/2019\\\/01\\\/point-chantier-au-debut-de-cette-2019\\\/#article\",\"isPartOf\":{\"@id\":\"https:\\\/\\\/vg-damgan.fr\\\/site\\\/2019\\\/01\\\/point-chantier-au-debut-de-cette-2019\\\/\"},\"author\":{\"name\":\"L'\u00e9quipe VGD\",\"@id\":\"https:\\\/\\\/vg-damgan.fr\\\/site\\\/#\\\/schema\\\/person\\\/2326e572951faf890ceda060dcafa46c\"},\"headline\":\"Point chantier au d\u00e9but de cette ann\u00e9e 2019\",\"datePublished\":\"2019-01-14T11:12:17+00:00\",\"dateModified\":\"2019-01-17T21:00:41+00:00\",\"mainEntityOfPage\":{\"@id\":\"https:\\\/\\\/vg-damgan.fr\\\/site\\\/2019\\\/01\\\/point-chantier-au-debut-de-cette-2019\\\/\"},\"wordCount\":329,\"commentCount\":2,\"publisher\":{\"@id\":\"https:\\\/\\\/vg-damgan.fr\\\/site\\\/#organization\"},\"image\":{\"@id\":\"https:\\\/\\\/vg-damgan.fr\\\/site\\\/2019\\\/01\\\/point-chantier-au-debut-de-cette-2019\\\/#primaryimage\"},\"thumbnailUrl\":\"https:\\\/\\\/i0.wp.com\\\/vg-damgan.fr\\\/site\\\/wp-content\\\/uploads\\\/2019\\\/01\\\/article-rm6-point-chantier-reder-mor-6-damgan-14-janvier-2019.jpg?fit=800%2C445&ssl=1\",\"articleSection\":[\"Actualit\u00e9\",\"Chantier\",\"Vie de l'association\"],\"inLanguage\":\"fr-FR\",\"potentialAction\":[{\"@type\":\"CommentAction\",\"name\":\"Comment\",\"target\":[\"https:\\\/\\\/vg-damgan.fr\\\/site\\\/2019\\\/01\\\/point-chantier-au-debut-de-cette-2019\\\/#respond\"]}]},{\"@type\":\"WebPage\",\"@id\":\"https:\\\/\\\/vg-damgan.fr\\\/site\\\/2019\\\/01\\\/point-chantier-au-debut-de-cette-2019\\\/\",\"url\":\"https:\\\/\\\/vg-damgan.fr\\\/site\\\/2019\\\/01\\\/point-chantier-au-debut-de-cette-2019\\\/\",\"name\":\"Point chantier au d\u00e9but de cette ann\u00e9e 2019 - Un vieux gr\u00e9ement pour Damgan\",\"isPartOf\":{\"@id\":\"https:\\\/\\\/vg-damgan.fr\\\/site\\\/#website\"},\"primaryImageOfPage\":{\"@id\":\"https:\\\/\\\/vg-damgan.fr\\\/site\\\/2019\\\/01\\\/point-chantier-au-debut-de-cette-2019\\\/#primaryimage\"},\"image\":{\"@id\":\"https:\\\/\\\/vg-damgan.fr\\\/site\\\/2019\\\/01\\\/point-chantier-au-debut-de-cette-2019\\\/#primaryimage\"},\"thumbnailUrl\":\"https:\\\/\\\/i0.wp.com\\\/vg-damgan.fr\\\/site\\\/wp-content\\\/uploads\\\/2019\\\/01\\\/article-rm6-point-chantier-reder-mor-6-damgan-14-janvier-2019.jpg?fit=800%2C445&ssl=1\",\"datePublished\":\"2019-01-14T11:12:17+00:00\",\"dateModified\":\"2019-01-17T21:00:41+00:00\",\"description\":\"Pour d\u00e9buter cette ann\u00e9e 2019, nous vous pr\u00e9sentons tout nos v\u0153ux. D'ici quelques mois le Reder Mor 6 devrait naviguer et participer \u00e0 la semaine du golfe! En attendant voil\u00e0 le dernier point sur le chantier.\",\"breadcrumb\":{\"@id\":\"https:\\\/\\\/vg-damgan.fr\\\/site\\\/2019\\\/01\\\/point-chantier-au-debut-de-cette-2019\\\/#breadcrumb\"},\"inLanguage\":\"fr-FR\",\"potentialAction\":[{\"@type\":\"ReadAction\",\"target\":[\"https:\\\/\\\/vg-damgan.fr\\\/site\\\/2019\\\/01\\\/point-chantier-au-debut-de-cette-2019\\\/\"]}]},{\"@type\":\"ImageObject\",\"inLanguage\":\"fr-FR\",\"@id\":\"https:\\\/\\\/vg-damgan.fr\\\/site\\\/2019\\\/01\\\/point-chantier-au-debut-de-cette-2019\\\/#primaryimage\",\"url\":\"https:\\\/\\\/i0.wp.com\\\/vg-damgan.fr\\\/site\\\/wp-content\\\/uploads\\\/2019\\\/01\\\/article-rm6-point-chantier-reder-mor-6-damgan-14-janvier-2019.jpg?fit=800%2C445&ssl=1\",\"contentUrl\":\"https:\\\/\\\/i0.wp.com\\\/vg-damgan.fr\\\/site\\\/wp-content\\\/uploads\\\/2019\\\/01\\\/article-rm6-point-chantier-reder-mor-6-damgan-14-janvier-2019.jpg?fit=800%2C445&ssl=1\",\"width\":800,\"height\":445},{\"@type\":\"BreadcrumbList\",\"@id\":\"https:\\\/\\\/vg-damgan.fr\\\/site\\\/2019\\\/01\\\/point-chantier-au-debut-de-cette-2019\\\/#breadcrumb\",\"itemListElement\":[{\"@type\":\"ListItem\",\"position\":1,\"name\":\"Accueil\",\"item\":\"https:\\\/\\\/vg-damgan.fr\\\/site\\\/\"},{\"@type\":\"ListItem\",\"position\":2,\"name\":\"Point chantier au d\u00e9but de cette ann\u00e9e 2019\"}]},{\"@type\":\"WebSite\",\"@id\":\"https:\\\/\\\/vg-damgan.fr\\\/site\\\/#website\",\"url\":\"https:\\\/\\\/vg-damgan.fr\\\/site\\\/\",\"name\":\"Un vieux gr\u00e9ement pour Damgan\",\"description\":\"Association damganaise pour la restauration de bateaux d\u2019int\u00e9r\u00eat patrimonial\",\"publisher\":{\"@id\":\"https:\\\/\\\/vg-damgan.fr\\\/site\\\/#organization\"},\"potentialAction\":[{\"@type\":\"SearchAction\",\"target\":{\"@type\":\"EntryPoint\",\"urlTemplate\":\"https:\\\/\\\/vg-damgan.fr\\\/site\\\/?s={search_term_string}\"},\"query-input\":{\"@type\":\"PropertyValueSpecification\",\"valueRequired\":true,\"valueName\":\"search_term_string\"}}],\"inLanguage\":\"fr-FR\"},{\"@type\":\"Organization\",\"@id\":\"https:\\\/\\\/vg-damgan.fr\\\/site\\\/#organization\",\"name\":\"Un vieux gr\u00e9ement pour Damgan\",\"url\":\"https:\\\/\\\/vg-damgan.fr\\\/site\\\/\",\"logo\":{\"@type\":\"ImageObject\",\"inLanguage\":\"fr-FR\",\"@id\":\"https:\\\/\\\/vg-damgan.fr\\\/site\\\/#\\\/schema\\\/logo\\\/image\\\/\",\"url\":\"https:\\\/\\\/i0.wp.com\\\/vg-damgan.fr\\\/site\\\/wp-content\\\/uploads\\\/2022\\\/12\\\/RederMor-Logo-photo.jpg?fit=2100%2C1680&ssl=1\",\"contentUrl\":\"https:\\\/\\\/i0.wp.com\\\/vg-damgan.fr\\\/site\\\/wp-content\\\/uploads\\\/2022\\\/12\\\/RederMor-Logo-photo.jpg?fit=2100%2C1680&ssl=1\",\"width\":2100,\"height\":1680,\"caption\":\"Un vieux gr\u00e9ement pour Damgan\"},\"image\":{\"@id\":\"https:\\\/\\\/vg-damgan.fr\\\/site\\\/#\\\/schema\\\/logo\\\/image\\\/\"},\"sameAs\":[\"https:\\\/\\\/www.facebook.com\\\/VGDamgan\"]},{\"@type\":\"Person\",\"@id\":\"https:\\\/\\\/vg-damgan.fr\\\/site\\\/#\\\/schema\\\/person\\\/2326e572951faf890ceda060dcafa46c\",\"name\":\"L'\u00e9quipe VGD\",\"image\":{\"@type\":\"ImageObject\",\"inLanguage\":\"fr-FR\",\"@id\":\"https:\\\/\\\/secure.gravatar.com\\\/avatar\\\/6ee3424c0b1969bdd82ab635ae1d0156f02a526fcb47e50f6f9fce4766ccd4b7?s=96&d=mm&r=g\",\"url\":\"https:\\\/\\\/secure.gravatar.com\\\/avatar\\\/6ee3424c0b1969bdd82ab635ae1d0156f02a526fcb47e50f6f9fce4766ccd4b7?s=96&d=mm&r=g\",\"contentUrl\":\"https:\\\/\\\/secure.gravatar.com\\\/avatar\\\/6ee3424c0b1969bdd82ab635ae1d0156f02a526fcb47e50f6f9fce4766ccd4b7?s=96&d=mm&r=g\",\"caption\":\"L'\u00e9quipe VGD\"},\"url\":\"https:\\\/\\\/vg-damgan.fr\\\/site\\\/author\\\/hubert\\\/\"}]}<\/script>\n<!-- \/ Yoast SEO plugin. -->","yoast_head_json":{"title":"Point chantier au d\u00e9but de cette ann\u00e9e 2019 - Un vieux gr\u00e9ement pour Damgan","description":"Pour d\u00e9buter cette ann\u00e9e 2019, nous vous pr\u00e9sentons tout nos v\u0153ux. D'ici quelques mois le Reder Mor 6 devrait naviguer et participer \u00e0 la semaine du golfe! En attendant voil\u00e0 le dernier point sur le chantier.","robots":{"index":"index","follow":"follow","max-snippet":"max-snippet:-1","max-image-preview":"max-image-preview:large","max-video-preview":"max-video-preview:-1"},"canonical":"https:\/\/vg-damgan.fr\/site\/2019\/01\/point-chantier-au-debut-de-cette-2019\/","og_locale":"fr_FR","og_type":"article","og_title":"Point chantier au d\u00e9but de cette ann\u00e9e 2019 - Un vieux gr\u00e9ement pour Damgan","og_description":"Pour d\u00e9buter cette ann\u00e9e 2019, nous vous pr\u00e9sentons tout nos v\u0153ux. D'ici quelques mois le Reder Mor 6 devrait naviguer et participer \u00e0 la semaine du golfe! En attendant voil\u00e0 le dernier point sur le chantier.","og_url":"https:\/\/vg-damgan.fr\/site\/2019\/01\/point-chantier-au-debut-de-cette-2019\/","og_site_name":"Un vieux gr\u00e9ement pour Damgan","article_publisher":"https:\/\/www.facebook.com\/VGDamgan","article_published_time":"2019-01-14T11:12:17+00:00","article_modified_time":"2019-01-17T21:00:41+00:00","og_image":[{"width":800,"height":445,"url":"https:\/\/i0.wp.com\/vg-damgan.fr\/site\/wp-content\/uploads\/2019\/01\/article-rm6-point-chantier-reder-mor-6-damgan-14-janvier-2019.jpg?fit=800%2C445&ssl=1","type":"image\/jpeg"}],"author":"L'\u00e9quipe VGD","twitter_card":"summary_large_image","twitter_misc":{"\u00c9crit par":"L'\u00e9quipe VGD","Dur\u00e9e de lecture estim\u00e9e":"2 minutes"},"schema":{"@context":"https:\/\/schema.org","@graph":[{"@type":"Article","@id":"https:\/\/vg-damgan.fr\/site\/2019\/01\/point-chantier-au-debut-de-cette-2019\/#article","isPartOf":{"@id":"https:\/\/vg-damgan.fr\/site\/2019\/01\/point-chantier-au-debut-de-cette-2019\/"},"author":{"name":"L'\u00e9quipe VGD","@id":"https:\/\/vg-damgan.fr\/site\/#\/schema\/person\/2326e572951faf890ceda060dcafa46c"},"headline":"Point chantier au d\u00e9but de cette ann\u00e9e 2019","datePublished":"2019-01-14T11:12:17+00:00","dateModified":"2019-01-17T21:00:41+00:00","mainEntityOfPage":{"@id":"https:\/\/vg-damgan.fr\/site\/2019\/01\/point-chantier-au-debut-de-cette-2019\/"},"wordCount":329,"commentCount":2,"publisher":{"@id":"https:\/\/vg-damgan.fr\/site\/#organization"},"image":{"@id":"https:\/\/vg-damgan.fr\/site\/2019\/01\/point-chantier-au-debut-de-cette-2019\/#primaryimage"},"thumbnailUrl":"https:\/\/i0.wp.com\/vg-damgan.fr\/site\/wp-content\/uploads\/2019\/01\/article-rm6-point-chantier-reder-mor-6-damgan-14-janvier-2019.jpg?fit=800%2C445&ssl=1","articleSection":["Actualit\u00e9","Chantier","Vie de l'association"],"inLanguage":"fr-FR","potentialAction":[{"@type":"CommentAction","name":"Comment","target":["https:\/\/vg-damgan.fr\/site\/2019\/01\/point-chantier-au-debut-de-cette-2019\/#respond"]}]},{"@type":"WebPage","@id":"https:\/\/vg-damgan.fr\/site\/2019\/01\/point-chantier-au-debut-de-cette-2019\/","url":"https:\/\/vg-damgan.fr\/site\/2019\/01\/point-chantier-au-debut-de-cette-2019\/","name":"Point chantier au d\u00e9but de cette ann\u00e9e 2019 - Un vieux gr\u00e9ement pour Damgan","isPartOf":{"@id":"https:\/\/vg-damgan.fr\/site\/#website"},"primaryImageOfPage":{"@id":"https:\/\/vg-damgan.fr\/site\/2019\/01\/point-chantier-au-debut-de-cette-2019\/#primaryimage"},"image":{"@id":"https:\/\/vg-damgan.fr\/site\/2019\/01\/point-chantier-au-debut-de-cette-2019\/#primaryimage"},"thumbnailUrl":"https:\/\/i0.wp.com\/vg-damgan.fr\/site\/wp-content\/uploads\/2019\/01\/article-rm6-point-chantier-reder-mor-6-damgan-14-janvier-2019.jpg?fit=800%2C445&ssl=1","datePublished":"2019-01-14T11:12:17+00:00","dateModified":"2019-01-17T21:00:41+00:00","description":"Pour d\u00e9buter cette ann\u00e9e 2019, nous vous pr\u00e9sentons tout nos v\u0153ux. D'ici quelques mois le Reder Mor 6 devrait naviguer et participer \u00e0 la semaine du golfe! En attendant voil\u00e0 le dernier point sur le chantier.","breadcrumb":{"@id":"https:\/\/vg-damgan.fr\/site\/2019\/01\/point-chantier-au-debut-de-cette-2019\/#breadcrumb"},"inLanguage":"fr-FR","potentialAction":[{"@type":"ReadAction","target":["https:\/\/vg-damgan.fr\/site\/2019\/01\/point-chantier-au-debut-de-cette-2019\/"]}]},{"@type":"ImageObject","inLanguage":"fr-FR","@id":"https:\/\/vg-damgan.fr\/site\/2019\/01\/point-chantier-au-debut-de-cette-2019\/#primaryimage","url":"https:\/\/i0.wp.com\/vg-damgan.fr\/site\/wp-content\/uploads\/2019\/01\/article-rm6-point-chantier-reder-mor-6-damgan-14-janvier-2019.jpg?fit=800%2C445&ssl=1","contentUrl":"https:\/\/i0.wp.com\/vg-damgan.fr\/site\/wp-content\/uploads\/2019\/01\/article-rm6-point-chantier-reder-mor-6-damgan-14-janvier-2019.jpg?fit=800%2C445&ssl=1","width":800,"height":445},{"@type":"BreadcrumbList","@id":"https:\/\/vg-damgan.fr\/site\/2019\/01\/point-chantier-au-debut-de-cette-2019\/#breadcrumb","itemListElement":[{"@type":"ListItem","position":1,"name":"Accueil","item":"https:\/\/vg-damgan.fr\/site\/"},{"@type":"ListItem","position":2,"name":"Point chantier au d\u00e9but de cette ann\u00e9e 2019"}]},{"@type":"WebSite","@id":"https:\/\/vg-damgan.fr\/site\/#website","url":"https:\/\/vg-damgan.fr\/site\/","name":"Un vieux gr\u00e9ement pour Damgan","description":"Association damganaise pour la restauration de bateaux d\u2019int\u00e9r\u00eat patrimonial","publisher":{"@id":"https:\/\/vg-damgan.fr\/site\/#organization"},"potentialAction":[{"@type":"SearchAction","target":{"@type":"EntryPoint","urlTemplate":"https:\/\/vg-damgan.fr\/site\/?s={search_term_string}"},"query-input":{"@type":"PropertyValueSpecification","valueRequired":true,"valueName":"search_term_string"}}],"inLanguage":"fr-FR"},{"@type":"Organization","@id":"https:\/\/vg-damgan.fr\/site\/#organization","name":"Un vieux gr\u00e9ement pour Damgan","url":"https:\/\/vg-damgan.fr\/site\/","logo":{"@type":"ImageObject","inLanguage":"fr-FR","@id":"https:\/\/vg-damgan.fr\/site\/#\/schema\/logo\/image\/","url":"https:\/\/i0.wp.com\/vg-damgan.fr\/site\/wp-content\/uploads\/2022\/12\/RederMor-Logo-photo.jpg?fit=2100%2C1680&ssl=1","contentUrl":"https:\/\/i0.wp.com\/vg-damgan.fr\/site\/wp-content\/uploads\/2022\/12\/RederMor-Logo-photo.jpg?fit=2100%2C1680&ssl=1","width":2100,"height":1680,"caption":"Un vieux gr\u00e9ement pour Damgan"},"image":{"@id":"https:\/\/vg-damgan.fr\/site\/#\/schema\/logo\/image\/"},"sameAs":["https:\/\/www.facebook.com\/VGDamgan"]},{"@type":"Person","@id":"https:\/\/vg-damgan.fr\/site\/#\/schema\/person\/2326e572951faf890ceda060dcafa46c","name":"L'\u00e9quipe VGD","image":{"@type":"ImageObject","inLanguage":"fr-FR","@id":"https:\/\/secure.gravatar.com\/avatar\/6ee3424c0b1969bdd82ab635ae1d0156f02a526fcb47e50f6f9fce4766ccd4b7?s=96&d=mm&r=g","url":"https:\/\/secure.gravatar.com\/avatar\/6ee3424c0b1969bdd82ab635ae1d0156f02a526fcb47e50f6f9fce4766ccd4b7?s=96&d=mm&r=g","contentUrl":"https:\/\/secure.gravatar.com\/avatar\/6ee3424c0b1969bdd82ab635ae1d0156f02a526fcb47e50f6f9fce4766ccd4b7?s=96&d=mm&r=g","caption":"L'\u00e9quipe VGD"},"url":"https:\/\/vg-damgan.fr\/site\/author\/hubert\/"}]}},"jetpack_featured_media_url":"https:\/\/i0.wp.com\/vg-damgan.fr\/site\/wp-content\/uploads\/2019\/01\/article-rm6-point-chantier-reder-mor-6-damgan-14-janvier-2019.jpg?fit=800%2C445&ssl=1","jetpack_sharing_enabled":true,"jetpack_shortlink":"https:\/\/wp.me\/p7bygr-DI","jetpack-related-posts":[{"id":1745,"url":"https:\/\/vg-damgan.fr\/site\/2018\/01\/bloavezh-mat-bonne-annee\/","url_meta":{"origin":2462,"position":0},"title":"BLOAVEZH MAT \/ BONNE ANNEE","author":"L'\u00e9quipe VGD","date":"16 janvier 2018","format":false,"excerpt":"BLOAVEZH MAT\u00a0! L\u2019\u00e9quipe du conseil d\u2019administration, via son Pr\u00e9sident Yann, vous souhaite une belle et heureuse ann\u00e9e 2018\u00a0!! Avant de faire un \u00e9tat des lieux de l\u2019association et les perspectives pour l\u2019ann\u00e9e \u00e0 venir, nous remercions tous ceux qui font vivre le projet par leur implication leur soutien et leur\u2026","rel":"","context":"Dans &quot;Vie de l'association&quot;","block_context":{"text":"Vie de l'association","link":"https:\/\/vg-damgan.fr\/site\/category\/vie-de-lassociation\/"},"img":{"alt_text":"","src":"https:\/\/i0.wp.com\/vg-damgan.fr\/site\/wp-content\/uploads\/2018\/01\/carte-de-voeux-reder-mor-6-2018-v3.jpg?fit=800%2C445&ssl=1&resize=350%2C200","width":350,"height":200,"srcset":"https:\/\/i0.wp.com\/vg-damgan.fr\/site\/wp-content\/uploads\/2018\/01\/carte-de-voeux-reder-mor-6-2018-v3.jpg?fit=800%2C445&ssl=1&resize=350%2C200 1x, https:\/\/i0.wp.com\/vg-damgan.fr\/site\/wp-content\/uploads\/2018\/01\/carte-de-voeux-reder-mor-6-2018-v3.jpg?fit=800%2C445&ssl=1&resize=525%2C300 1.5x, https:\/\/i0.wp.com\/vg-damgan.fr\/site\/wp-content\/uploads\/2018\/01\/carte-de-voeux-reder-mor-6-2018-v3.jpg?fit=800%2C445&ssl=1&resize=700%2C400 2x"},"classes":[]},{"id":3824,"url":"https:\/\/vg-damgan.fr\/site\/2022\/01\/bonne-annee-2022\/","url_meta":{"origin":2462,"position":1},"title":"Bonne ann\u00e9e 2022","author":"L'\u00e9quipe VGD","date":"5 janvier 2022","format":false,"excerpt":"Toute l'\u00e9quipe du Reder Mor 6 vous souhaite une bonne ann\u00e9e. \u00a0 L'ann\u00e9e \u00e9coul\u00e9e fut pleine de bons souvenirs, de belles rencontres et de jolies sorties en mer. Pour 2022, nous repartons avec de nombreux projets. Citons p\u00eale-m\u00eale : Notre Assembl\u00e9e G\u00e9n\u00e9rale le 18 f\u00e9vrier,\u00a0 \u00a0la mise \u00e0 l'eau vers\u2026","rel":"","context":"Dans &quot;Vie de l'association&quot;","block_context":{"text":"Vie de l'association","link":"https:\/\/vg-damgan.fr\/site\/category\/vie-de-lassociation\/"},"img":{"alt_text":"","src":"https:\/\/i0.wp.com\/vg-damgan.fr\/site\/wp-content\/uploads\/2022\/01\/bonne-annee_article-RM6-VGD-2020.jpg?fit=800%2C445&ssl=1&resize=350%2C200","width":350,"height":200,"srcset":"https:\/\/i0.wp.com\/vg-damgan.fr\/site\/wp-content\/uploads\/2022\/01\/bonne-annee_article-RM6-VGD-2020.jpg?fit=800%2C445&ssl=1&resize=350%2C200 1x, https:\/\/i0.wp.com\/vg-damgan.fr\/site\/wp-content\/uploads\/2022\/01\/bonne-annee_article-RM6-VGD-2020.jpg?fit=800%2C445&ssl=1&resize=525%2C300 1.5x, https:\/\/i0.wp.com\/vg-damgan.fr\/site\/wp-content\/uploads\/2022\/01\/bonne-annee_article-RM6-VGD-2020.jpg?fit=800%2C445&ssl=1&resize=700%2C400 2x"},"classes":[]},{"id":4006,"url":"https:\/\/vg-damgan.fr\/site\/2024\/02\/ag-du-16-fevrier-2024\/","url_meta":{"origin":2462,"position":2},"title":"AG du 16 f\u00e9vrier 2024","author":"L'\u00e9quipe VGD","date":"18 f\u00e9vrier 2024","format":false,"excerpt":"Assembl\u00e9e G\u00e9n\u00e9rale du 16 f\u00e9vrier 2024 \u00a0Rapport Moral Grand merci \u00e0 vous tous d\u2019\u00eatre pr\u00e9sents \u00e0 ce moment important de notre vie d\u2019Association. Le conseil d\u2019Administration de 11 membres a pu se r\u00e9unir 5 fois (tous les trimestres) et le bureau (6 membres) 6 fois durant cette ann\u00e9e. Notre association\u2026","rel":"","context":"Dans &quot;Actualit\u00e9&quot;","block_context":{"text":"Actualit\u00e9","link":"https:\/\/vg-damgan.fr\/site\/category\/actualite\/"},"img":{"alt_text":"","src":"https:\/\/i0.wp.com\/vg-damgan.fr\/site\/wp-content\/uploads\/2024\/02\/article-RM6-VGD-ag-2024.jpg?fit=800%2C445&ssl=1&resize=350%2C200","width":350,"height":200,"srcset":"https:\/\/i0.wp.com\/vg-damgan.fr\/site\/wp-content\/uploads\/2024\/02\/article-RM6-VGD-ag-2024.jpg?fit=800%2C445&ssl=1&resize=350%2C200 1x, https:\/\/i0.wp.com\/vg-damgan.fr\/site\/wp-content\/uploads\/2024\/02\/article-RM6-VGD-ag-2024.jpg?fit=800%2C445&ssl=1&resize=525%2C300 1.5x, https:\/\/i0.wp.com\/vg-damgan.fr\/site\/wp-content\/uploads\/2024\/02\/article-RM6-VGD-ag-2024.jpg?fit=800%2C445&ssl=1&resize=700%2C400 2x"},"classes":[]},{"id":3095,"url":"https:\/\/vg-damgan.fr\/site\/2019\/11\/mise-en-hivernage-du-reder-mor-6\/","url_meta":{"origin":2462,"position":3},"title":"Mise en hivernage du Reder Mor 6","author":"L'\u00e9quipe VGD","date":"13 novembre 2019","format":false,"excerpt":"D\u00e9couvrez comment\u00a0le Reder Mor 6 est mis \u00e0 l'abri pour les prochains mois. Des nouvelles de l'hivernage du Reder Mor 6 Voil\u00e0, fin de saison\u00a0: nous mettons donc le Reder Mor 6 \u00e0 son poste d\u2019hivernage. L\u2019objectif est de le mettre \u00e0 l\u2019abri pour cette p\u00e9riode hivernale, mais qu'il reste\u2026","rel":"","context":"Dans &quot;Actualit\u00e9&quot;","block_context":{"text":"Actualit\u00e9","link":"https:\/\/vg-damgan.fr\/site\/category\/actualite\/"},"img":{"alt_text":"","src":"https:\/\/i0.wp.com\/vg-damgan.fr\/site\/wp-content\/uploads\/2019\/11\/article-hivernage-du-reder-mor-6-vieux-gr%C3%A9ement-pour-damgan.jpg?fit=800%2C445&ssl=1&resize=350%2C200","width":350,"height":200,"srcset":"https:\/\/i0.wp.com\/vg-damgan.fr\/site\/wp-content\/uploads\/2019\/11\/article-hivernage-du-reder-mor-6-vieux-gr%C3%A9ement-pour-damgan.jpg?fit=800%2C445&ssl=1&resize=350%2C200 1x, https:\/\/i0.wp.com\/vg-damgan.fr\/site\/wp-content\/uploads\/2019\/11\/article-hivernage-du-reder-mor-6-vieux-gr%C3%A9ement-pour-damgan.jpg?fit=800%2C445&ssl=1&resize=525%2C300 1.5x, https:\/\/i0.wp.com\/vg-damgan.fr\/site\/wp-content\/uploads\/2019\/11\/article-hivernage-du-reder-mor-6-vieux-gr%C3%A9ement-pour-damgan.jpg?fit=800%2C445&ssl=1&resize=700%2C400 2x"},"classes":[]},{"id":3684,"url":"https:\/\/vg-damgan.fr\/site\/2021\/06\/fete-du-reder-mor-le-12-juin\/","url_meta":{"origin":2462,"position":4},"title":"F\u00eate du Reder Mor le 12 juin","author":"L'\u00e9quipe VGD","date":"8 juin 2021","format":false,"excerpt":"Apr\u00e8s l'annulation de notre f\u00eate l'ann\u00e9e derni\u00e8re, la voici pour ce samedi 12. La parade aura lieu vers 16h et les animations suivront. Apr\u00e8s les photos des bateaux participant, vous trouverez la maquette du Reder Mor 6 au 1\/10 e r\u00e9alis\u00e9e par notre \u00e9quipe. Samedi prochain, en perspective... Une belle\u2026","rel":"","context":"Dans &quot;Actualit\u00e9&quot;","block_context":{"text":"Actualit\u00e9","link":"https:\/\/vg-damgan.fr\/site\/category\/actualite\/"},"img":{"alt_text":"","src":"https:\/\/i0.wp.com\/vg-damgan.fr\/site\/wp-content\/uploads\/2021\/06\/fete-du-reder-mor-a-penerf-damgan-12-juin.jpg?fit=800%2C445&ssl=1&resize=350%2C200","width":350,"height":200,"srcset":"https:\/\/i0.wp.com\/vg-damgan.fr\/site\/wp-content\/uploads\/2021\/06\/fete-du-reder-mor-a-penerf-damgan-12-juin.jpg?fit=800%2C445&ssl=1&resize=350%2C200 1x, https:\/\/i0.wp.com\/vg-damgan.fr\/site\/wp-content\/uploads\/2021\/06\/fete-du-reder-mor-a-penerf-damgan-12-juin.jpg?fit=800%2C445&ssl=1&resize=525%2C300 1.5x, https:\/\/i0.wp.com\/vg-damgan.fr\/site\/wp-content\/uploads\/2021\/06\/fete-du-reder-mor-a-penerf-damgan-12-juin.jpg?fit=800%2C445&ssl=1&resize=700%2C400 2x"},"classes":[]},{"id":2560,"url":"https:\/\/vg-damgan.fr\/site\/2019\/02\/compte-rendu-de-lag-2019\/","url_meta":{"origin":2462,"position":5},"title":"Compte rendu de l&rsquo;AG 2019","author":"L'\u00e9quipe VGD","date":"23 f\u00e9vrier 2019","format":false,"excerpt":"L'AG du 15 f\u00e9vrier 2019 a regroup\u00e9 une 50aine d'adh\u00e9rents pour un moment convivial ou ont \u00e9t\u00e9 pass\u00e9es en revue les activit\u00e9s de la derni\u00e8re ann\u00e9e et avant cette nouvelle ann\u00e9e pleine d'\u00e9motions. Compte rendu: En effet, la restauration du bateau touche \u00e0 sa fin gr\u00e2ce aux efforts de nos\u2026","rel":"","context":"Dans &quot;Actualit\u00e9&quot;","block_context":{"text":"Actualit\u00e9","link":"https:\/\/vg-damgan.fr\/site\/category\/actualite\/"},"img":{"alt_text":"","src":"https:\/\/i0.wp.com\/vg-damgan.fr\/site\/wp-content\/uploads\/2019\/02\/compte-rendu-de-ag-un-vieux-gr%C3%A9ement-pour-damgan-2019.jpg?fit=800%2C445&ssl=1&resize=350%2C200","width":350,"height":200,"srcset":"https:\/\/i0.wp.com\/vg-damgan.fr\/site\/wp-content\/uploads\/2019\/02\/compte-rendu-de-ag-un-vieux-gr%C3%A9ement-pour-damgan-2019.jpg?fit=800%2C445&ssl=1&resize=350%2C200 1x, https:\/\/i0.wp.com\/vg-damgan.fr\/site\/wp-content\/uploads\/2019\/02\/compte-rendu-de-ag-un-vieux-gr%C3%A9ement-pour-damgan-2019.jpg?fit=800%2C445&ssl=1&resize=525%2C300 1.5x, https:\/\/i0.wp.com\/vg-damgan.fr\/site\/wp-content\/uploads\/2019\/02\/compte-rendu-de-ag-un-vieux-gr%C3%A9ement-pour-damgan-2019.jpg?fit=800%2C445&ssl=1&resize=700%2C400 2x"},"classes":[]}],"_links":{"self":[{"href":"https:\/\/vg-damgan.fr\/site\/wp-json\/wp\/v2\/posts\/2462","targetHints":{"allow":["GET"]}}],"collection":[{"href":"https:\/\/vg-damgan.fr\/site\/wp-json\/wp\/v2\/posts"}],"about":[{"href":"https:\/\/vg-damgan.fr\/site\/wp-json\/wp\/v2\/types\/post"}],"author":[{"embeddable":true,"href":"https:\/\/vg-damgan.fr\/site\/wp-json\/wp\/v2\/users\/4"}],"replies":[{"embeddable":true,"href":"https:\/\/vg-damgan.fr\/site\/wp-json\/wp\/v2\/comments?post=2462"}],"version-history":[{"count":11,"href":"https:\/\/vg-damgan.fr\/site\/wp-json\/wp\/v2\/posts\/2462\/revisions"}],"predecessor-version":[{"id":2497,"href":"https:\/\/vg-damgan.fr\/site\/wp-json\/wp\/v2\/posts\/2462\/revisions\/2497"}],"wp:featuredmedia":[{"embeddable":true,"href":"https:\/\/vg-damgan.fr\/site\/wp-json\/wp\/v2\/media\/2487"}],"wp:attachment":[{"href":"https:\/\/vg-damgan.fr\/site\/wp-json\/wp\/v2\/media?parent=2462"}],"wp:term":[{"taxonomy":"category","embeddable":true,"href":"https:\/\/vg-damgan.fr\/site\/wp-json\/wp\/v2\/categories?post=2462"},{"taxonomy":"post_tag","embeddable":true,"href":"https:\/\/vg-damgan.fr\/site\/wp-json\/wp\/v2\/tags?post=2462"}],"curies":[{"name":"wp","href":"https:\/\/api.w.org\/{rel}","templated":true}]}}