{"id":2699,"date":"2019-04-21T06:55:45","date_gmt":"2019-04-21T05:55:45","guid":{"rendered":"http:\/\/vg-damgan.fr\/site\/?p=2699"},"modified":"2019-04-21T06:55:45","modified_gmt":"2019-04-21T05:55:45","slug":"le-matage-du-reder-mor-6","status":"publish","type":"post","link":"https:\/\/vg-damgan.fr\/site\/2019\/04\/le-matage-du-reder-mor-6\/","title":{"rendered":"Le matage du Reder Mor 6"},"content":{"rendered":"<p><span style=\"font-family: Arial, serif;\"><span style=\"font-size: medium;\">Nouvelle \u00e9tape bien concr\u00e8te de la restauration du Reder Mor puisqu&rsquo;il retrouve pr\u00e8s de 4 ans apr\u00e8s son m\u00e2t. Voici les premi\u00e8res photos!<\/span><\/span><\/p>\n<h1 align=\"LEFT\"><u><span style=\"font-family: Arial, serif;\"><b>Le matage<\/b><\/span><\/u><\/h1>\n<p align=\"LEFT\"><span style=\"font-family: Arial, serif;\">C\u2019est le \u00ab\u00a0grand jour\u00a0\u00bb, du moins le premier \u00ab\u00a0grand jour\u00a0\u00bb, nous sortons le bateau de l\u2019atelier gr\u00e2ce \u00e0 Pierrick, et \u00e0 13h. David, notre voisin paysagiste abandonne son entreprise pour 1\/2 heure\u00a0: c\u2019est le matage du RederMor6.<\/span><\/p>\n<figure id=\"attachment_2700\" aria-describedby=\"caption-attachment-2700\" style=\"width: 1024px\" class=\"wp-caption aligncenter\"><a href=\"https:\/\/i0.wp.com\/vg-damgan.fr\/site\/wp-content\/uploads\/2019\/04\/20190418_094414.jpg\"><img data-recalc-dims=\"1\" loading=\"lazy\" decoding=\"async\" data-attachment-id=\"2700\" data-permalink=\"https:\/\/vg-damgan.fr\/site\/2019\/04\/le-matage-du-reder-mor-6\/20190418_094414\/\" data-orig-file=\"https:\/\/i0.wp.com\/vg-damgan.fr\/site\/wp-content\/uploads\/2019\/04\/20190418_094414.jpg?fit=1024%2C768&amp;ssl=1\" data-orig-size=\"1024,768\" data-comments-opened=\"1\" data-image-meta=\"{&quot;aperture&quot;:&quot;0&quot;,&quot;credit&quot;:&quot;&quot;,&quot;camera&quot;:&quot;&quot;,&quot;caption&quot;:&quot;&quot;,&quot;created_timestamp&quot;:&quot;0&quot;,&quot;copyright&quot;:&quot;&quot;,&quot;focal_length&quot;:&quot;0&quot;,&quot;iso&quot;:&quot;0&quot;,&quot;shutter_speed&quot;:&quot;0&quot;,&quot;title&quot;:&quot;&quot;,&quot;orientation&quot;:&quot;0&quot;}\" data-image-title=\"20190418_094414\" data-image-description=\"\" data-image-caption=\"\" data-large-file=\"https:\/\/i0.wp.com\/vg-damgan.fr\/site\/wp-content\/uploads\/2019\/04\/20190418_094414.jpg?fit=800%2C600&amp;ssl=1\" class=\"wp-image-2700 size-full\" src=\"https:\/\/i0.wp.com\/vg-damgan.fr\/site\/wp-content\/uploads\/2019\/04\/20190418_094414.jpg?resize=1024%2C768\" alt=\"Sortie du Reder Mor du hangar damgan \" width=\"1024\" height=\"768\" srcset=\"https:\/\/i0.wp.com\/vg-damgan.fr\/site\/wp-content\/uploads\/2019\/04\/20190418_094414.jpg?w=1024&amp;ssl=1 1024w, https:\/\/i0.wp.com\/vg-damgan.fr\/site\/wp-content\/uploads\/2019\/04\/20190418_094414.jpg?resize=300%2C225&amp;ssl=1 300w, https:\/\/i0.wp.com\/vg-damgan.fr\/site\/wp-content\/uploads\/2019\/04\/20190418_094414.jpg?resize=768%2C576&amp;ssl=1 768w, https:\/\/i0.wp.com\/vg-damgan.fr\/site\/wp-content\/uploads\/2019\/04\/20190418_094414.jpg?resize=800%2C600&amp;ssl=1 800w, https:\/\/i0.wp.com\/vg-damgan.fr\/site\/wp-content\/uploads\/2019\/04\/20190418_094414.jpg?resize=678%2C509&amp;ssl=1 678w, https:\/\/i0.wp.com\/vg-damgan.fr\/site\/wp-content\/uploads\/2019\/04\/20190418_094414.jpg?resize=326%2C245&amp;ssl=1 326w, https:\/\/i0.wp.com\/vg-damgan.fr\/site\/wp-content\/uploads\/2019\/04\/20190418_094414.jpg?resize=80%2C60&amp;ssl=1 80w\" sizes=\"auto, (max-width: 1000px) 100vw, 1000px\" \/><\/a><figcaption id=\"caption-attachment-2700\" class=\"wp-caption-text\">Sortie du Reder Mor du hangar<\/figcaption><\/figure>\n<figure id=\"attachment_2701\" aria-describedby=\"caption-attachment-2701\" style=\"width: 1024px\" class=\"wp-caption aligncenter\"><a href=\"https:\/\/i0.wp.com\/vg-damgan.fr\/site\/wp-content\/uploads\/2019\/04\/20190418_103317.jpg\"><img data-recalc-dims=\"1\" loading=\"lazy\" decoding=\"async\" data-attachment-id=\"2701\" data-permalink=\"https:\/\/vg-damgan.fr\/site\/2019\/04\/le-matage-du-reder-mor-6\/20190418_103317\/\" data-orig-file=\"https:\/\/i0.wp.com\/vg-damgan.fr\/site\/wp-content\/uploads\/2019\/04\/20190418_103317.jpg?fit=1024%2C768&amp;ssl=1\" data-orig-size=\"1024,768\" data-comments-opened=\"1\" data-image-meta=\"{&quot;aperture&quot;:&quot;0&quot;,&quot;credit&quot;:&quot;&quot;,&quot;camera&quot;:&quot;&quot;,&quot;caption&quot;:&quot;&quot;,&quot;created_timestamp&quot;:&quot;0&quot;,&quot;copyright&quot;:&quot;&quot;,&quot;focal_length&quot;:&quot;0&quot;,&quot;iso&quot;:&quot;0&quot;,&quot;shutter_speed&quot;:&quot;0&quot;,&quot;title&quot;:&quot;&quot;,&quot;orientation&quot;:&quot;0&quot;}\" data-image-title=\"20190418_103317\" data-image-description=\"\" data-image-caption=\"\" data-large-file=\"https:\/\/i0.wp.com\/vg-damgan.fr\/site\/wp-content\/uploads\/2019\/04\/20190418_103317.jpg?fit=800%2C600&amp;ssl=1\" class=\"wp-image-2701 size-full\" src=\"https:\/\/i0.wp.com\/vg-damgan.fr\/site\/wp-content\/uploads\/2019\/04\/20190418_103317.jpg?resize=1024%2C768\" alt=\"20190418_103317\" width=\"1024\" height=\"768\" srcset=\"https:\/\/i0.wp.com\/vg-damgan.fr\/site\/wp-content\/uploads\/2019\/04\/20190418_103317.jpg?w=1024&amp;ssl=1 1024w, https:\/\/i0.wp.com\/vg-damgan.fr\/site\/wp-content\/uploads\/2019\/04\/20190418_103317.jpg?resize=300%2C225&amp;ssl=1 300w, https:\/\/i0.wp.com\/vg-damgan.fr\/site\/wp-content\/uploads\/2019\/04\/20190418_103317.jpg?resize=768%2C576&amp;ssl=1 768w, https:\/\/i0.wp.com\/vg-damgan.fr\/site\/wp-content\/uploads\/2019\/04\/20190418_103317.jpg?resize=800%2C600&amp;ssl=1 800w, https:\/\/i0.wp.com\/vg-damgan.fr\/site\/wp-content\/uploads\/2019\/04\/20190418_103317.jpg?resize=678%2C509&amp;ssl=1 678w, https:\/\/i0.wp.com\/vg-damgan.fr\/site\/wp-content\/uploads\/2019\/04\/20190418_103317.jpg?resize=326%2C245&amp;ssl=1 326w, https:\/\/i0.wp.com\/vg-damgan.fr\/site\/wp-content\/uploads\/2019\/04\/20190418_103317.jpg?resize=80%2C60&amp;ssl=1 80w\" sizes=\"auto, (max-width: 1000px) 100vw, 1000px\" \/><\/a><figcaption id=\"caption-attachment-2701\" class=\"wp-caption-text\">Calage du bateau<\/figcaption><\/figure>\n<p align=\"LEFT\"><span style=\"font-family: Arial, serif;\"><a href=\"https:\/\/i0.wp.com\/vg-damgan.fr\/site\/wp-content\/uploads\/2019\/04\/la-Trinquette.jpg\"><img data-recalc-dims=\"1\" loading=\"lazy\" decoding=\"async\" data-attachment-id=\"2702\" data-permalink=\"https:\/\/vg-damgan.fr\/site\/2019\/04\/le-matage-du-reder-mor-6\/la-trinquette\/\" data-orig-file=\"https:\/\/i0.wp.com\/vg-damgan.fr\/site\/wp-content\/uploads\/2019\/04\/la-Trinquette.jpg?fit=2168%2C1172&amp;ssl=1\" data-orig-size=\"2168,1172\" data-comments-opened=\"1\" data-image-meta=\"{&quot;aperture&quot;:&quot;0&quot;,&quot;credit&quot;:&quot;&quot;,&quot;camera&quot;:&quot;&quot;,&quot;caption&quot;:&quot;&quot;,&quot;created_timestamp&quot;:&quot;0&quot;,&quot;copyright&quot;:&quot;&quot;,&quot;focal_length&quot;:&quot;0&quot;,&quot;iso&quot;:&quot;0&quot;,&quot;shutter_speed&quot;:&quot;0&quot;,&quot;title&quot;:&quot;&quot;,&quot;orientation&quot;:&quot;1&quot;}\" data-image-title=\"la Trinquette\" data-image-description=\"\" data-image-caption=\"&lt;p&gt;La Trinquette, institution \u00e0 Ho\u00ebdic!&lt;\/p&gt;\n\" data-large-file=\"https:\/\/i0.wp.com\/vg-damgan.fr\/site\/wp-content\/uploads\/2019\/04\/la-Trinquette.jpg?fit=800%2C432&amp;ssl=1\" class=\"alignleft size-medium wp-image-2702\" src=\"https:\/\/i0.wp.com\/vg-damgan.fr\/site\/wp-content\/uploads\/2019\/04\/la-Trinquette-300x162.jpg?resize=300%2C162\" alt=\"la Trinquette\" width=\"300\" height=\"162\" srcset=\"https:\/\/i0.wp.com\/vg-damgan.fr\/site\/wp-content\/uploads\/2019\/04\/la-Trinquette.jpg?resize=300%2C162&amp;ssl=1 300w, https:\/\/i0.wp.com\/vg-damgan.fr\/site\/wp-content\/uploads\/2019\/04\/la-Trinquette.jpg?resize=768%2C415&amp;ssl=1 768w, https:\/\/i0.wp.com\/vg-damgan.fr\/site\/wp-content\/uploads\/2019\/04\/la-Trinquette.jpg?resize=800%2C432&amp;ssl=1 800w, https:\/\/i0.wp.com\/vg-damgan.fr\/site\/wp-content\/uploads\/2019\/04\/la-Trinquette.jpg?w=2000&amp;ssl=1 2000w\" sizes=\"auto, (max-width: 300px) 100vw, 300px\" \/><\/a>Surprise, le mat ne trouve pas sa place, mais tout rentre dans l\u2019ordre apr\u00e8s modification de la ferrure du banc de mat. <\/span><\/p>\n<p align=\"LEFT\"><span style=\"font-family: Arial, serif;\">Les haubans sont mis en place, et nous faisons les essais des foc et trinquette (non, pas le bistrot de l\u2019\u00eele de Hoedic\u00a0: la voile), belle perspective, cela se met en place correctement, les drisses, les \u00e9coutes. Bien\u00a0!<\/span><\/p>\n<p align=\"LEFT\"><a href=\"https:\/\/i0.wp.com\/vg-damgan.fr\/site\/wp-content\/uploads\/2019\/04\/HUB08144.jpg\"><img data-recalc-dims=\"1\" loading=\"lazy\" decoding=\"async\" data-attachment-id=\"2705\" data-permalink=\"https:\/\/vg-damgan.fr\/site\/2019\/04\/le-matage-du-reder-mor-6\/hub08144\/\" data-orig-file=\"https:\/\/i0.wp.com\/vg-damgan.fr\/site\/wp-content\/uploads\/2019\/04\/HUB08144.jpg?fit=800%2C600&amp;ssl=1\" data-orig-size=\"800,600\" data-comments-opened=\"1\" data-image-meta=\"{&quot;aperture&quot;:&quot;4.5&quot;,&quot;credit&quot;:&quot;hubert carlier&quot;,&quot;camera&quot;:&quot;DSC-RX10M3&quot;,&quot;caption&quot;:&quot;&quot;,&quot;created_timestamp&quot;:&quot;1555594820&quot;,&quot;copyright&quot;:&quot;&quot;,&quot;focal_length&quot;:&quot;8.8&quot;,&quot;iso&quot;:&quot;100&quot;,&quot;shutter_speed&quot;:&quot;0.001&quot;,&quot;title&quot;:&quot;&quot;,&quot;orientation&quot;:&quot;1&quot;}\" data-image-title=\"HUB08144\" data-image-description=\"\" data-image-caption=\"\" data-large-file=\"https:\/\/i0.wp.com\/vg-damgan.fr\/site\/wp-content\/uploads\/2019\/04\/HUB08144.jpg?fit=800%2C600&amp;ssl=1\" class=\"alignleft size-full wp-image-2705\" src=\"https:\/\/i0.wp.com\/vg-damgan.fr\/site\/wp-content\/uploads\/2019\/04\/HUB08144.jpg?resize=800%2C600\" alt=\"HUB08144\" width=\"800\" height=\"600\" srcset=\"https:\/\/i0.wp.com\/vg-damgan.fr\/site\/wp-content\/uploads\/2019\/04\/HUB08144.jpg?w=800&amp;ssl=1 800w, https:\/\/i0.wp.com\/vg-damgan.fr\/site\/wp-content\/uploads\/2019\/04\/HUB08144.jpg?resize=300%2C225&amp;ssl=1 300w, https:\/\/i0.wp.com\/vg-damgan.fr\/site\/wp-content\/uploads\/2019\/04\/HUB08144.jpg?resize=768%2C576&amp;ssl=1 768w, https:\/\/i0.wp.com\/vg-damgan.fr\/site\/wp-content\/uploads\/2019\/04\/HUB08144.jpg?resize=678%2C509&amp;ssl=1 678w, https:\/\/i0.wp.com\/vg-damgan.fr\/site\/wp-content\/uploads\/2019\/04\/HUB08144.jpg?resize=326%2C245&amp;ssl=1 326w, https:\/\/i0.wp.com\/vg-damgan.fr\/site\/wp-content\/uploads\/2019\/04\/HUB08144.jpg?resize=80%2C60&amp;ssl=1 80w\" sizes=\"auto, (max-width: 800px) 100vw, 800px\" \/><\/a><\/p>\n<p align=\"LEFT\"><a href=\"https:\/\/i0.wp.com\/vg-damgan.fr\/site\/wp-content\/uploads\/2019\/04\/HUB08151.jpg\"><img data-recalc-dims=\"1\" loading=\"lazy\" decoding=\"async\" data-attachment-id=\"2706\" data-permalink=\"https:\/\/vg-damgan.fr\/site\/2019\/04\/le-matage-du-reder-mor-6\/hub08151\/\" data-orig-file=\"https:\/\/i0.wp.com\/vg-damgan.fr\/site\/wp-content\/uploads\/2019\/04\/HUB08151.jpg?fit=800%2C600&amp;ssl=1\" data-orig-size=\"800,600\" data-comments-opened=\"1\" data-image-meta=\"{&quot;aperture&quot;:&quot;5&quot;,&quot;credit&quot;:&quot;hubert carlier&quot;,&quot;camera&quot;:&quot;DSC-RX10M3&quot;,&quot;caption&quot;:&quot;&quot;,&quot;created_timestamp&quot;:&quot;1555594990&quot;,&quot;copyright&quot;:&quot;&quot;,&quot;focal_length&quot;:&quot;73.24&quot;,&quot;iso&quot;:&quot;100&quot;,&quot;shutter_speed&quot;:&quot;0.001&quot;,&quot;title&quot;:&quot;&quot;,&quot;orientation&quot;:&quot;1&quot;}\" data-image-title=\"HUB08151\" data-image-description=\"\" data-image-caption=\"\" data-large-file=\"https:\/\/i0.wp.com\/vg-damgan.fr\/site\/wp-content\/uploads\/2019\/04\/HUB08151.jpg?fit=800%2C600&amp;ssl=1\" class=\"aligncenter size-full wp-image-2706\" src=\"https:\/\/i0.wp.com\/vg-damgan.fr\/site\/wp-content\/uploads\/2019\/04\/HUB08151.jpg?resize=800%2C600\" alt=\"HUB08151\" width=\"800\" height=\"600\" srcset=\"https:\/\/i0.wp.com\/vg-damgan.fr\/site\/wp-content\/uploads\/2019\/04\/HUB08151.jpg?w=800&amp;ssl=1 800w, https:\/\/i0.wp.com\/vg-damgan.fr\/site\/wp-content\/uploads\/2019\/04\/HUB08151.jpg?resize=300%2C225&amp;ssl=1 300w, https:\/\/i0.wp.com\/vg-damgan.fr\/site\/wp-content\/uploads\/2019\/04\/HUB08151.jpg?resize=768%2C576&amp;ssl=1 768w, https:\/\/i0.wp.com\/vg-damgan.fr\/site\/wp-content\/uploads\/2019\/04\/HUB08151.jpg?resize=678%2C509&amp;ssl=1 678w, https:\/\/i0.wp.com\/vg-damgan.fr\/site\/wp-content\/uploads\/2019\/04\/HUB08151.jpg?resize=326%2C245&amp;ssl=1 326w, https:\/\/i0.wp.com\/vg-damgan.fr\/site\/wp-content\/uploads\/2019\/04\/HUB08151.jpg?resize=80%2C60&amp;ssl=1 80w\" sizes=\"auto, (max-width: 800px) 100vw, 800px\" \/><\/a> <a href=\"https:\/\/i0.wp.com\/vg-damgan.fr\/site\/wp-content\/uploads\/2019\/04\/HUB08150.jpg\"><img data-recalc-dims=\"1\" loading=\"lazy\" decoding=\"async\" data-attachment-id=\"2707\" data-permalink=\"https:\/\/vg-damgan.fr\/site\/2019\/04\/le-matage-du-reder-mor-6\/hub08150\/\" data-orig-file=\"https:\/\/i0.wp.com\/vg-damgan.fr\/site\/wp-content\/uploads\/2019\/04\/HUB08150.jpg?fit=800%2C1067&amp;ssl=1\" data-orig-size=\"800,1067\" data-comments-opened=\"1\" data-image-meta=\"{&quot;aperture&quot;:&quot;5&quot;,&quot;credit&quot;:&quot;hubert carlier&quot;,&quot;camera&quot;:&quot;DSC-RX10M3&quot;,&quot;caption&quot;:&quot;&quot;,&quot;created_timestamp&quot;:&quot;1555594974&quot;,&quot;copyright&quot;:&quot;&quot;,&quot;focal_length&quot;:&quot;8.8&quot;,&quot;iso&quot;:&quot;100&quot;,&quot;shutter_speed&quot;:&quot;0.001&quot;,&quot;title&quot;:&quot;&quot;,&quot;orientation&quot;:&quot;1&quot;}\" data-image-title=\"HUB08150\" data-image-description=\"\" data-image-caption=\"\" data-large-file=\"https:\/\/i0.wp.com\/vg-damgan.fr\/site\/wp-content\/uploads\/2019\/04\/HUB08150.jpg?fit=450%2C600&amp;ssl=1\" class=\"alignleft size-full wp-image-2707\" src=\"https:\/\/i0.wp.com\/vg-damgan.fr\/site\/wp-content\/uploads\/2019\/04\/HUB08150.jpg?resize=800%2C1067\" alt=\"HUB08150\" width=\"800\" height=\"1067\" srcset=\"https:\/\/i0.wp.com\/vg-damgan.fr\/site\/wp-content\/uploads\/2019\/04\/HUB08150.jpg?w=800&amp;ssl=1 800w, https:\/\/i0.wp.com\/vg-damgan.fr\/site\/wp-content\/uploads\/2019\/04\/HUB08150.jpg?resize=225%2C300&amp;ssl=1 225w, https:\/\/i0.wp.com\/vg-damgan.fr\/site\/wp-content\/uploads\/2019\/04\/HUB08150.jpg?resize=768%2C1024&amp;ssl=1 768w, https:\/\/i0.wp.com\/vg-damgan.fr\/site\/wp-content\/uploads\/2019\/04\/HUB08150.jpg?resize=450%2C600&amp;ssl=1 450w\" sizes=\"auto, (max-width: 800px) 100vw, 800px\" \/><\/a> <a href=\"https:\/\/i0.wp.com\/vg-damgan.fr\/site\/wp-content\/uploads\/2019\/04\/HUB08143.jpg\"><img data-recalc-dims=\"1\" loading=\"lazy\" decoding=\"async\" data-attachment-id=\"2708\" data-permalink=\"https:\/\/vg-damgan.fr\/site\/2019\/04\/le-matage-du-reder-mor-6\/hub08143\/\" data-orig-file=\"https:\/\/i0.wp.com\/vg-damgan.fr\/site\/wp-content\/uploads\/2019\/04\/HUB08143.jpg?fit=800%2C1067&amp;ssl=1\" data-orig-size=\"800,1067\" data-comments-opened=\"1\" data-image-meta=\"{&quot;aperture&quot;:&quot;4&quot;,&quot;credit&quot;:&quot;hubert carlier&quot;,&quot;camera&quot;:&quot;DSC-RX10M3&quot;,&quot;caption&quot;:&quot;&quot;,&quot;created_timestamp&quot;:&quot;1555594746&quot;,&quot;copyright&quot;:&quot;&quot;,&quot;focal_length&quot;:&quot;9.46&quot;,&quot;iso&quot;:&quot;100&quot;,&quot;shutter_speed&quot;:&quot;0.00125&quot;,&quot;title&quot;:&quot;&quot;,&quot;orientation&quot;:&quot;1&quot;}\" data-image-title=\"HUB08143\" data-image-description=\"\" data-image-caption=\"\" data-large-file=\"https:\/\/i0.wp.com\/vg-damgan.fr\/site\/wp-content\/uploads\/2019\/04\/HUB08143.jpg?fit=450%2C600&amp;ssl=1\" class=\"alignleft size-full wp-image-2708\" src=\"https:\/\/i0.wp.com\/vg-damgan.fr\/site\/wp-content\/uploads\/2019\/04\/HUB08143.jpg?resize=800%2C1067\" alt=\"HUB08143\" width=\"800\" height=\"1067\" srcset=\"https:\/\/i0.wp.com\/vg-damgan.fr\/site\/wp-content\/uploads\/2019\/04\/HUB08143.jpg?w=800&amp;ssl=1 800w, https:\/\/i0.wp.com\/vg-damgan.fr\/site\/wp-content\/uploads\/2019\/04\/HUB08143.jpg?resize=225%2C300&amp;ssl=1 225w, https:\/\/i0.wp.com\/vg-damgan.fr\/site\/wp-content\/uploads\/2019\/04\/HUB08143.jpg?resize=768%2C1024&amp;ssl=1 768w, https:\/\/i0.wp.com\/vg-damgan.fr\/site\/wp-content\/uploads\/2019\/04\/HUB08143.jpg?resize=450%2C600&amp;ssl=1 450w\" sizes=\"auto, (max-width: 800px) 100vw, 800px\" \/><\/a> <a href=\"https:\/\/i0.wp.com\/vg-damgan.fr\/site\/wp-content\/uploads\/2019\/04\/HUB08142.jpg\"><img data-recalc-dims=\"1\" loading=\"lazy\" decoding=\"async\" data-attachment-id=\"2709\" data-permalink=\"https:\/\/vg-damgan.fr\/site\/2019\/04\/le-matage-du-reder-mor-6\/hub08142\/\" data-orig-file=\"https:\/\/i0.wp.com\/vg-damgan.fr\/site\/wp-content\/uploads\/2019\/04\/HUB08142.jpg?fit=800%2C600&amp;ssl=1\" data-orig-size=\"800,600\" data-comments-opened=\"1\" data-image-meta=\"{&quot;aperture&quot;:&quot;4.5&quot;,&quot;credit&quot;:&quot;hubert carlier&quot;,&quot;camera&quot;:&quot;DSC-RX10M3&quot;,&quot;caption&quot;:&quot;&quot;,&quot;created_timestamp&quot;:&quot;1555594720&quot;,&quot;copyright&quot;:&quot;&quot;,&quot;focal_length&quot;:&quot;8.8&quot;,&quot;iso&quot;:&quot;100&quot;,&quot;shutter_speed&quot;:&quot;0.001&quot;,&quot;title&quot;:&quot;&quot;,&quot;orientation&quot;:&quot;1&quot;}\" data-image-title=\"HUB08142\" data-image-description=\"\" data-image-caption=\"\" data-large-file=\"https:\/\/i0.wp.com\/vg-damgan.fr\/site\/wp-content\/uploads\/2019\/04\/HUB08142.jpg?fit=800%2C600&amp;ssl=1\" class=\"alignleft size-full wp-image-2709\" src=\"https:\/\/i0.wp.com\/vg-damgan.fr\/site\/wp-content\/uploads\/2019\/04\/HUB08142.jpg?resize=800%2C600\" alt=\"HUB08142\" width=\"800\" height=\"600\" srcset=\"https:\/\/i0.wp.com\/vg-damgan.fr\/site\/wp-content\/uploads\/2019\/04\/HUB08142.jpg?w=800&amp;ssl=1 800w, https:\/\/i0.wp.com\/vg-damgan.fr\/site\/wp-content\/uploads\/2019\/04\/HUB08142.jpg?resize=300%2C225&amp;ssl=1 300w, https:\/\/i0.wp.com\/vg-damgan.fr\/site\/wp-content\/uploads\/2019\/04\/HUB08142.jpg?resize=768%2C576&amp;ssl=1 768w, https:\/\/i0.wp.com\/vg-damgan.fr\/site\/wp-content\/uploads\/2019\/04\/HUB08142.jpg?resize=678%2C509&amp;ssl=1 678w, https:\/\/i0.wp.com\/vg-damgan.fr\/site\/wp-content\/uploads\/2019\/04\/HUB08142.jpg?resize=326%2C245&amp;ssl=1 326w, https:\/\/i0.wp.com\/vg-damgan.fr\/site\/wp-content\/uploads\/2019\/04\/HUB08142.jpg?resize=80%2C60&amp;ssl=1 80w\" sizes=\"auto, (max-width: 800px) 100vw, 800px\" \/><\/a><\/p>\n<p align=\"LEFT\">Lundi, d\u00e9m\u00e2tage.<\/p>\n<h2 class=\"m_-6157324752819182416moz-forward-container\" style=\"text-align: center;\"><span style=\"text-decoration: underline;\"><b>Une premi\u00e8re mise \u00e0 l&rsquo;eau\u00a0<\/b>aura lieu<b>\u00a0le mardi 23, \u00e0 14h \u00e0 P\u00e9nerf lors de la\u00a0<\/b>mar\u00e9e basse, et re-matage.<\/span><\/h2>\n<h2 class=\"m_-6157324752819182416moz-forward-container\" style=\"text-align: center;\"><span style=\"text-decoration: underline;\">Le Reder Mor 6 devrait flotter vers 17 heures<\/span><\/h2>\n<p align=\"LEFT\"><span style=\"font-family: Arial, serif;\">Entre-temps, nous devons aller installer les orins sur le mouillage, pr\u00e9parer l\u2019annexe \u00e0 Penerf. Tout s\u2019organise bien&#8230;<\/span><\/p>\n<p align=\"LEFT\"><span style=\"font-family: Arial, serif;\"><span style=\"font-size: medium;\">Emmanuel F.<\/span><\/span><\/p>\n","protected":false},"excerpt":{"rendered":"<div class=\"mh-excerpt\"><p>Nouvelle \u00e9tape bien concr\u00e8te de la restauration du Reder Mor puisqu&rsquo;il retrouve pr\u00e8s de 4 ans apr\u00e8s son m\u00e2t. Voici les premi\u00e8res photos! Le matage C\u2019est le <a class=\"mh-excerpt-more\" href=\"https:\/\/vg-damgan.fr\/site\/2019\/04\/le-matage-du-reder-mor-6\/\" title=\"Le matage du Reder Mor 6\">&#8230;[Lire la suite&#8230;]<\/a><\/p>\n<\/div>","protected":false},"author":4,"featured_media":2712,"comment_status":"open","ping_status":"open","sticky":false,"template":"","format":"standard","meta":{"_monsterinsights_skip_tracking":false,"_monsterinsights_sitenote_active":false,"_monsterinsights_sitenote_note":"","_monsterinsights_sitenote_category":0,"jetpack_post_was_ever_published":false,"_jetpack_newsletter_access":"","_jetpack_dont_email_post_to_subs":false,"_jetpack_newsletter_tier_id":0,"_jetpack_memberships_contains_paywalled_content":false,"_jetpack_memberships_contains_paid_content":false,"footnotes":""},"categories":[31,19,4],"tags":[],"class_list":["post-2699","post","type-post","status-publish","format-standard","has-post-thumbnail","hentry","category-actualite","category-chantier","category-vie-de-lassociation","odd"],"yoast_head":"<!-- This site is optimized with the Yoast SEO plugin v27.5 - https:\/\/yoast.com\/product\/yoast-seo-wordpress\/ -->\n<title>Le matage du Reder Mor 6 - Un vieux gr\u00e9ement pour Damgan<\/title>\n<meta name=\"description\" content=\"Nouvelle \u00e9tape bien concr\u00e8te de la restauration du Reder Mor puisqu&#039;il retrouve pr\u00e8s de 4 ans apr\u00e8s son m\u00e2t. Voici en exclisivit\u00e9 mondiale les premi\u00e8res photos!\" \/>\n<meta name=\"robots\" content=\"index, follow, max-snippet:-1, max-image-preview:large, max-video-preview:-1\" \/>\n<link rel=\"canonical\" href=\"https:\/\/vg-damgan.fr\/site\/2019\/04\/le-matage-du-reder-mor-6\/\" \/>\n<meta property=\"og:locale\" content=\"fr_FR\" \/>\n<meta property=\"og:type\" content=\"article\" \/>\n<meta property=\"og:title\" content=\"Le matage du Reder Mor 6 - Un vieux gr\u00e9ement pour Damgan\" \/>\n<meta property=\"og:description\" content=\"Nouvelle \u00e9tape bien concr\u00e8te de la restauration du Reder Mor puisqu&#039;il retrouve pr\u00e8s de 4 ans apr\u00e8s son m\u00e2t. Voici en exclisivit\u00e9 mondiale les premi\u00e8res photos!\" \/>\n<meta property=\"og:url\" content=\"https:\/\/vg-damgan.fr\/site\/2019\/04\/le-matage-du-reder-mor-6\/\" \/>\n<meta property=\"og:site_name\" content=\"Un vieux gr\u00e9ement pour Damgan\" \/>\n<meta property=\"article:publisher\" content=\"https:\/\/www.facebook.com\/VGDamgan\" \/>\n<meta property=\"article:published_time\" content=\"2019-04-21T05:55:45+00:00\" \/>\n<meta property=\"og:image\" content=\"https:\/\/i0.wp.com\/vg-damgan.fr\/site\/wp-content\/uploads\/2019\/04\/article-rm6-21-avril-le-matage-du-reder-mor-6-damgan-p\u00e9nerf-morbihan.jpg?fit=800%2C445&ssl=1\" \/>\n\t<meta property=\"og:image:width\" content=\"800\" \/>\n\t<meta property=\"og:image:height\" content=\"445\" \/>\n\t<meta property=\"og:image:type\" content=\"image\/jpeg\" \/>\n<meta name=\"author\" content=\"L&#039;\u00e9quipe VGD\" \/>\n<meta name=\"twitter:card\" content=\"summary_large_image\" \/>\n<meta name=\"twitter:label1\" content=\"\u00c9crit par\" \/>\n\t<meta name=\"twitter:data1\" content=\"L&#039;\u00e9quipe VGD\" \/>\n\t<meta name=\"twitter:label2\" content=\"Dur\u00e9e de lecture estim\u00e9e\" \/>\n\t<meta name=\"twitter:data2\" content=\"1 minute\" \/>\n<script type=\"application\/ld+json\" class=\"yoast-schema-graph\">{\"@context\":\"https:\\\/\\\/schema.org\",\"@graph\":[{\"@type\":\"Article\",\"@id\":\"https:\\\/\\\/vg-damgan.fr\\\/site\\\/2019\\\/04\\\/le-matage-du-reder-mor-6\\\/#article\",\"isPartOf\":{\"@id\":\"https:\\\/\\\/vg-damgan.fr\\\/site\\\/2019\\\/04\\\/le-matage-du-reder-mor-6\\\/\"},\"author\":{\"name\":\"L'\u00e9quipe VGD\",\"@id\":\"https:\\\/\\\/vg-damgan.fr\\\/site\\\/#\\\/schema\\\/person\\\/2326e572951faf890ceda060dcafa46c\"},\"headline\":\"Le matage du Reder Mor 6\",\"datePublished\":\"2019-04-21T05:55:45+00:00\",\"mainEntityOfPage\":{\"@id\":\"https:\\\/\\\/vg-damgan.fr\\\/site\\\/2019\\\/04\\\/le-matage-du-reder-mor-6\\\/\"},\"wordCount\":210,\"commentCount\":0,\"publisher\":{\"@id\":\"https:\\\/\\\/vg-damgan.fr\\\/site\\\/#organization\"},\"image\":{\"@id\":\"https:\\\/\\\/vg-damgan.fr\\\/site\\\/2019\\\/04\\\/le-matage-du-reder-mor-6\\\/#primaryimage\"},\"thumbnailUrl\":\"https:\\\/\\\/i0.wp.com\\\/vg-damgan.fr\\\/site\\\/wp-content\\\/uploads\\\/2019\\\/04\\\/article-rm6-21-avril-le-matage-du-reder-mor-6-damgan-p%C3%A9nerf-morbihan.jpg?fit=800%2C445&ssl=1\",\"articleSection\":[\"Actualit\u00e9\",\"Chantier\",\"Vie de l'association\"],\"inLanguage\":\"fr-FR\",\"potentialAction\":[{\"@type\":\"CommentAction\",\"name\":\"Comment\",\"target\":[\"https:\\\/\\\/vg-damgan.fr\\\/site\\\/2019\\\/04\\\/le-matage-du-reder-mor-6\\\/#respond\"]}]},{\"@type\":\"WebPage\",\"@id\":\"https:\\\/\\\/vg-damgan.fr\\\/site\\\/2019\\\/04\\\/le-matage-du-reder-mor-6\\\/\",\"url\":\"https:\\\/\\\/vg-damgan.fr\\\/site\\\/2019\\\/04\\\/le-matage-du-reder-mor-6\\\/\",\"name\":\"Le matage du Reder Mor 6 - Un vieux gr\u00e9ement pour Damgan\",\"isPartOf\":{\"@id\":\"https:\\\/\\\/vg-damgan.fr\\\/site\\\/#website\"},\"primaryImageOfPage\":{\"@id\":\"https:\\\/\\\/vg-damgan.fr\\\/site\\\/2019\\\/04\\\/le-matage-du-reder-mor-6\\\/#primaryimage\"},\"image\":{\"@id\":\"https:\\\/\\\/vg-damgan.fr\\\/site\\\/2019\\\/04\\\/le-matage-du-reder-mor-6\\\/#primaryimage\"},\"thumbnailUrl\":\"https:\\\/\\\/i0.wp.com\\\/vg-damgan.fr\\\/site\\\/wp-content\\\/uploads\\\/2019\\\/04\\\/article-rm6-21-avril-le-matage-du-reder-mor-6-damgan-p%C3%A9nerf-morbihan.jpg?fit=800%2C445&ssl=1\",\"datePublished\":\"2019-04-21T05:55:45+00:00\",\"description\":\"Nouvelle \u00e9tape bien concr\u00e8te de la restauration du Reder Mor puisqu'il retrouve pr\u00e8s de 4 ans apr\u00e8s son m\u00e2t. Voici en exclisivit\u00e9 mondiale les premi\u00e8res photos!\",\"breadcrumb\":{\"@id\":\"https:\\\/\\\/vg-damgan.fr\\\/site\\\/2019\\\/04\\\/le-matage-du-reder-mor-6\\\/#breadcrumb\"},\"inLanguage\":\"fr-FR\",\"potentialAction\":[{\"@type\":\"ReadAction\",\"target\":[\"https:\\\/\\\/vg-damgan.fr\\\/site\\\/2019\\\/04\\\/le-matage-du-reder-mor-6\\\/\"]}]},{\"@type\":\"ImageObject\",\"inLanguage\":\"fr-FR\",\"@id\":\"https:\\\/\\\/vg-damgan.fr\\\/site\\\/2019\\\/04\\\/le-matage-du-reder-mor-6\\\/#primaryimage\",\"url\":\"https:\\\/\\\/i0.wp.com\\\/vg-damgan.fr\\\/site\\\/wp-content\\\/uploads\\\/2019\\\/04\\\/article-rm6-21-avril-le-matage-du-reder-mor-6-damgan-p%C3%A9nerf-morbihan.jpg?fit=800%2C445&ssl=1\",\"contentUrl\":\"https:\\\/\\\/i0.wp.com\\\/vg-damgan.fr\\\/site\\\/wp-content\\\/uploads\\\/2019\\\/04\\\/article-rm6-21-avril-le-matage-du-reder-mor-6-damgan-p%C3%A9nerf-morbihan.jpg?fit=800%2C445&ssl=1\",\"width\":800,\"height\":445},{\"@type\":\"BreadcrumbList\",\"@id\":\"https:\\\/\\\/vg-damgan.fr\\\/site\\\/2019\\\/04\\\/le-matage-du-reder-mor-6\\\/#breadcrumb\",\"itemListElement\":[{\"@type\":\"ListItem\",\"position\":1,\"name\":\"Accueil\",\"item\":\"https:\\\/\\\/vg-damgan.fr\\\/site\\\/\"},{\"@type\":\"ListItem\",\"position\":2,\"name\":\"Le matage du Reder Mor 6\"}]},{\"@type\":\"WebSite\",\"@id\":\"https:\\\/\\\/vg-damgan.fr\\\/site\\\/#website\",\"url\":\"https:\\\/\\\/vg-damgan.fr\\\/site\\\/\",\"name\":\"Un vieux gr\u00e9ement pour Damgan\",\"description\":\"Association damganaise pour la restauration de bateaux d\u2019int\u00e9r\u00eat patrimonial\",\"publisher\":{\"@id\":\"https:\\\/\\\/vg-damgan.fr\\\/site\\\/#organization\"},\"potentialAction\":[{\"@type\":\"SearchAction\",\"target\":{\"@type\":\"EntryPoint\",\"urlTemplate\":\"https:\\\/\\\/vg-damgan.fr\\\/site\\\/?s={search_term_string}\"},\"query-input\":{\"@type\":\"PropertyValueSpecification\",\"valueRequired\":true,\"valueName\":\"search_term_string\"}}],\"inLanguage\":\"fr-FR\"},{\"@type\":\"Organization\",\"@id\":\"https:\\\/\\\/vg-damgan.fr\\\/site\\\/#organization\",\"name\":\"Un vieux gr\u00e9ement pour Damgan\",\"url\":\"https:\\\/\\\/vg-damgan.fr\\\/site\\\/\",\"logo\":{\"@type\":\"ImageObject\",\"inLanguage\":\"fr-FR\",\"@id\":\"https:\\\/\\\/vg-damgan.fr\\\/site\\\/#\\\/schema\\\/logo\\\/image\\\/\",\"url\":\"https:\\\/\\\/i0.wp.com\\\/vg-damgan.fr\\\/site\\\/wp-content\\\/uploads\\\/2022\\\/12\\\/RederMor-Logo-photo.jpg?fit=2100%2C1680&ssl=1\",\"contentUrl\":\"https:\\\/\\\/i0.wp.com\\\/vg-damgan.fr\\\/site\\\/wp-content\\\/uploads\\\/2022\\\/12\\\/RederMor-Logo-photo.jpg?fit=2100%2C1680&ssl=1\",\"width\":2100,\"height\":1680,\"caption\":\"Un vieux gr\u00e9ement pour Damgan\"},\"image\":{\"@id\":\"https:\\\/\\\/vg-damgan.fr\\\/site\\\/#\\\/schema\\\/logo\\\/image\\\/\"},\"sameAs\":[\"https:\\\/\\\/www.facebook.com\\\/VGDamgan\"]},{\"@type\":\"Person\",\"@id\":\"https:\\\/\\\/vg-damgan.fr\\\/site\\\/#\\\/schema\\\/person\\\/2326e572951faf890ceda060dcafa46c\",\"name\":\"L'\u00e9quipe VGD\",\"image\":{\"@type\":\"ImageObject\",\"inLanguage\":\"fr-FR\",\"@id\":\"https:\\\/\\\/secure.gravatar.com\\\/avatar\\\/6ee3424c0b1969bdd82ab635ae1d0156f02a526fcb47e50f6f9fce4766ccd4b7?s=96&d=mm&r=g\",\"url\":\"https:\\\/\\\/secure.gravatar.com\\\/avatar\\\/6ee3424c0b1969bdd82ab635ae1d0156f02a526fcb47e50f6f9fce4766ccd4b7?s=96&d=mm&r=g\",\"contentUrl\":\"https:\\\/\\\/secure.gravatar.com\\\/avatar\\\/6ee3424c0b1969bdd82ab635ae1d0156f02a526fcb47e50f6f9fce4766ccd4b7?s=96&d=mm&r=g\",\"caption\":\"L'\u00e9quipe VGD\"},\"url\":\"https:\\\/\\\/vg-damgan.fr\\\/site\\\/author\\\/hubert\\\/\"}]}<\/script>\n<!-- \/ Yoast SEO plugin. -->","yoast_head_json":{"title":"Le matage du Reder Mor 6 - Un vieux gr\u00e9ement pour Damgan","description":"Nouvelle \u00e9tape bien concr\u00e8te de la restauration du Reder Mor puisqu'il retrouve pr\u00e8s de 4 ans apr\u00e8s son m\u00e2t. Voici en exclisivit\u00e9 mondiale les premi\u00e8res photos!","robots":{"index":"index","follow":"follow","max-snippet":"max-snippet:-1","max-image-preview":"max-image-preview:large","max-video-preview":"max-video-preview:-1"},"canonical":"https:\/\/vg-damgan.fr\/site\/2019\/04\/le-matage-du-reder-mor-6\/","og_locale":"fr_FR","og_type":"article","og_title":"Le matage du Reder Mor 6 - Un vieux gr\u00e9ement pour Damgan","og_description":"Nouvelle \u00e9tape bien concr\u00e8te de la restauration du Reder Mor puisqu'il retrouve pr\u00e8s de 4 ans apr\u00e8s son m\u00e2t. Voici en exclisivit\u00e9 mondiale les premi\u00e8res photos!","og_url":"https:\/\/vg-damgan.fr\/site\/2019\/04\/le-matage-du-reder-mor-6\/","og_site_name":"Un vieux gr\u00e9ement pour Damgan","article_publisher":"https:\/\/www.facebook.com\/VGDamgan","article_published_time":"2019-04-21T05:55:45+00:00","og_image":[{"width":800,"height":445,"url":"https:\/\/i0.wp.com\/vg-damgan.fr\/site\/wp-content\/uploads\/2019\/04\/article-rm6-21-avril-le-matage-du-reder-mor-6-damgan-p\u00e9nerf-morbihan.jpg?fit=800%2C445&ssl=1","type":"image\/jpeg"}],"author":"L'\u00e9quipe VGD","twitter_card":"summary_large_image","twitter_misc":{"\u00c9crit par":"L'\u00e9quipe VGD","Dur\u00e9e de lecture estim\u00e9e":"1 minute"},"schema":{"@context":"https:\/\/schema.org","@graph":[{"@type":"Article","@id":"https:\/\/vg-damgan.fr\/site\/2019\/04\/le-matage-du-reder-mor-6\/#article","isPartOf":{"@id":"https:\/\/vg-damgan.fr\/site\/2019\/04\/le-matage-du-reder-mor-6\/"},"author":{"name":"L'\u00e9quipe VGD","@id":"https:\/\/vg-damgan.fr\/site\/#\/schema\/person\/2326e572951faf890ceda060dcafa46c"},"headline":"Le matage du Reder Mor 6","datePublished":"2019-04-21T05:55:45+00:00","mainEntityOfPage":{"@id":"https:\/\/vg-damgan.fr\/site\/2019\/04\/le-matage-du-reder-mor-6\/"},"wordCount":210,"commentCount":0,"publisher":{"@id":"https:\/\/vg-damgan.fr\/site\/#organization"},"image":{"@id":"https:\/\/vg-damgan.fr\/site\/2019\/04\/le-matage-du-reder-mor-6\/#primaryimage"},"thumbnailUrl":"https:\/\/i0.wp.com\/vg-damgan.fr\/site\/wp-content\/uploads\/2019\/04\/article-rm6-21-avril-le-matage-du-reder-mor-6-damgan-p%C3%A9nerf-morbihan.jpg?fit=800%2C445&ssl=1","articleSection":["Actualit\u00e9","Chantier","Vie de l'association"],"inLanguage":"fr-FR","potentialAction":[{"@type":"CommentAction","name":"Comment","target":["https:\/\/vg-damgan.fr\/site\/2019\/04\/le-matage-du-reder-mor-6\/#respond"]}]},{"@type":"WebPage","@id":"https:\/\/vg-damgan.fr\/site\/2019\/04\/le-matage-du-reder-mor-6\/","url":"https:\/\/vg-damgan.fr\/site\/2019\/04\/le-matage-du-reder-mor-6\/","name":"Le matage du Reder Mor 6 - Un vieux gr\u00e9ement pour Damgan","isPartOf":{"@id":"https:\/\/vg-damgan.fr\/site\/#website"},"primaryImageOfPage":{"@id":"https:\/\/vg-damgan.fr\/site\/2019\/04\/le-matage-du-reder-mor-6\/#primaryimage"},"image":{"@id":"https:\/\/vg-damgan.fr\/site\/2019\/04\/le-matage-du-reder-mor-6\/#primaryimage"},"thumbnailUrl":"https:\/\/i0.wp.com\/vg-damgan.fr\/site\/wp-content\/uploads\/2019\/04\/article-rm6-21-avril-le-matage-du-reder-mor-6-damgan-p%C3%A9nerf-morbihan.jpg?fit=800%2C445&ssl=1","datePublished":"2019-04-21T05:55:45+00:00","description":"Nouvelle \u00e9tape bien concr\u00e8te de la restauration du Reder Mor puisqu'il retrouve pr\u00e8s de 4 ans apr\u00e8s son m\u00e2t. Voici en exclisivit\u00e9 mondiale les premi\u00e8res photos!","breadcrumb":{"@id":"https:\/\/vg-damgan.fr\/site\/2019\/04\/le-matage-du-reder-mor-6\/#breadcrumb"},"inLanguage":"fr-FR","potentialAction":[{"@type":"ReadAction","target":["https:\/\/vg-damgan.fr\/site\/2019\/04\/le-matage-du-reder-mor-6\/"]}]},{"@type":"ImageObject","inLanguage":"fr-FR","@id":"https:\/\/vg-damgan.fr\/site\/2019\/04\/le-matage-du-reder-mor-6\/#primaryimage","url":"https:\/\/i0.wp.com\/vg-damgan.fr\/site\/wp-content\/uploads\/2019\/04\/article-rm6-21-avril-le-matage-du-reder-mor-6-damgan-p%C3%A9nerf-morbihan.jpg?fit=800%2C445&ssl=1","contentUrl":"https:\/\/i0.wp.com\/vg-damgan.fr\/site\/wp-content\/uploads\/2019\/04\/article-rm6-21-avril-le-matage-du-reder-mor-6-damgan-p%C3%A9nerf-morbihan.jpg?fit=800%2C445&ssl=1","width":800,"height":445},{"@type":"BreadcrumbList","@id":"https:\/\/vg-damgan.fr\/site\/2019\/04\/le-matage-du-reder-mor-6\/#breadcrumb","itemListElement":[{"@type":"ListItem","position":1,"name":"Accueil","item":"https:\/\/vg-damgan.fr\/site\/"},{"@type":"ListItem","position":2,"name":"Le matage du Reder Mor 6"}]},{"@type":"WebSite","@id":"https:\/\/vg-damgan.fr\/site\/#website","url":"https:\/\/vg-damgan.fr\/site\/","name":"Un vieux gr\u00e9ement pour Damgan","description":"Association damganaise pour la restauration de bateaux d\u2019int\u00e9r\u00eat patrimonial","publisher":{"@id":"https:\/\/vg-damgan.fr\/site\/#organization"},"potentialAction":[{"@type":"SearchAction","target":{"@type":"EntryPoint","urlTemplate":"https:\/\/vg-damgan.fr\/site\/?s={search_term_string}"},"query-input":{"@type":"PropertyValueSpecification","valueRequired":true,"valueName":"search_term_string"}}],"inLanguage":"fr-FR"},{"@type":"Organization","@id":"https:\/\/vg-damgan.fr\/site\/#organization","name":"Un vieux gr\u00e9ement pour Damgan","url":"https:\/\/vg-damgan.fr\/site\/","logo":{"@type":"ImageObject","inLanguage":"fr-FR","@id":"https:\/\/vg-damgan.fr\/site\/#\/schema\/logo\/image\/","url":"https:\/\/i0.wp.com\/vg-damgan.fr\/site\/wp-content\/uploads\/2022\/12\/RederMor-Logo-photo.jpg?fit=2100%2C1680&ssl=1","contentUrl":"https:\/\/i0.wp.com\/vg-damgan.fr\/site\/wp-content\/uploads\/2022\/12\/RederMor-Logo-photo.jpg?fit=2100%2C1680&ssl=1","width":2100,"height":1680,"caption":"Un vieux gr\u00e9ement pour Damgan"},"image":{"@id":"https:\/\/vg-damgan.fr\/site\/#\/schema\/logo\/image\/"},"sameAs":["https:\/\/www.facebook.com\/VGDamgan"]},{"@type":"Person","@id":"https:\/\/vg-damgan.fr\/site\/#\/schema\/person\/2326e572951faf890ceda060dcafa46c","name":"L'\u00e9quipe VGD","image":{"@type":"ImageObject","inLanguage":"fr-FR","@id":"https:\/\/secure.gravatar.com\/avatar\/6ee3424c0b1969bdd82ab635ae1d0156f02a526fcb47e50f6f9fce4766ccd4b7?s=96&d=mm&r=g","url":"https:\/\/secure.gravatar.com\/avatar\/6ee3424c0b1969bdd82ab635ae1d0156f02a526fcb47e50f6f9fce4766ccd4b7?s=96&d=mm&r=g","contentUrl":"https:\/\/secure.gravatar.com\/avatar\/6ee3424c0b1969bdd82ab635ae1d0156f02a526fcb47e50f6f9fce4766ccd4b7?s=96&d=mm&r=g","caption":"L'\u00e9quipe VGD"},"url":"https:\/\/vg-damgan.fr\/site\/author\/hubert\/"}]}},"jetpack_featured_media_url":"https:\/\/i0.wp.com\/vg-damgan.fr\/site\/wp-content\/uploads\/2019\/04\/article-rm6-21-avril-le-matage-du-reder-mor-6-damgan-p%C3%A9nerf-morbihan.jpg?fit=800%2C445&ssl=1","jetpack_sharing_enabled":true,"jetpack_shortlink":"https:\/\/wp.me\/p7bygr-Hx","jetpack-related-posts":[{"id":1356,"url":"https:\/\/vg-damgan.fr\/site\/2017\/04\/le-retour-du-reder-mor-6-a-penerf\/","url_meta":{"origin":2699,"position":0},"title":"Le retour du REDER MOR 6 \u00e0 P\u00e9nerf.","author":"L'\u00e9quipe VGD","date":"7 avril 2017","format":false,"excerpt":"J-2! Toutes les photos du transports du Reder Mor 6. Ca y est, la f\u00eate\u00a0approche et nous avons amen\u00e9 le bateau \u00e0 l'espace du Prato \u00e0 P\u00e9nerf. Apr\u00e8s l'hiver sous le hangar ou il \u00e9tait soign\u00e9, le Reder Mor 6 est de sortie. Un moment toujours particulier que vous retrouverez\u2026","rel":"","context":"Dans &quot;Chantier&quot;","block_context":{"text":"Chantier","link":"https:\/\/vg-damgan.fr\/site\/category\/chantier\/"},"img":{"alt_text":"","src":"https:\/\/i0.wp.com\/vg-damgan.fr\/site\/wp-content\/uploads\/2017\/04\/article-rm6-TRANSPORT-DU-7-AVRIL-2017.jpg?fit=800%2C445&ssl=1&resize=350%2C200","width":350,"height":200,"srcset":"https:\/\/i0.wp.com\/vg-damgan.fr\/site\/wp-content\/uploads\/2017\/04\/article-rm6-TRANSPORT-DU-7-AVRIL-2017.jpg?fit=800%2C445&ssl=1&resize=350%2C200 1x, https:\/\/i0.wp.com\/vg-damgan.fr\/site\/wp-content\/uploads\/2017\/04\/article-rm6-TRANSPORT-DU-7-AVRIL-2017.jpg?fit=800%2C445&ssl=1&resize=525%2C300 1.5x, https:\/\/i0.wp.com\/vg-damgan.fr\/site\/wp-content\/uploads\/2017\/04\/article-rm6-TRANSPORT-DU-7-AVRIL-2017.jpg?fit=800%2C445&ssl=1&resize=700%2C400 2x"},"classes":[]},{"id":2991,"url":"https:\/\/vg-damgan.fr\/site\/2019\/05\/le-reder-mor-6-a-la-semaine-du-golfe-2019\/","url_meta":{"origin":2699,"position":1},"title":"Le Reder Mor 6 \u00e0 la semaine du Golfe 2019","author":"L'\u00e9quipe VGD","date":"31 mai 2019","format":false,"excerpt":"C'est une grande semaine pour le Reder Mor 6 puisque l'un de nos objectifs \u00e9tait de participer \u00e0 cette \u00e9dition 2019 de la semaine du Golfe. Et c'est donc avec \u00e9motion que abordons cet \u00e9v\u00e9nement! Nous sommes pr\u00e9sent dans la flottille 6 et allons et d\u00e9filer de port en port,\u2026","rel":"","context":"Dans &quot;Actualit\u00e9&quot;","block_context":{"text":"Actualit\u00e9","link":"https:\/\/vg-damgan.fr\/site\/category\/actualite\/"},"img":{"alt_text":"","src":"https:\/\/i0.wp.com\/vg-damgan.fr\/site\/wp-content\/uploads\/2019\/05\/article-rm6-semaine-du-golfe-du-morbihan-reder-mor-6-damgan.jpg?fit=800%2C445&ssl=1&resize=350%2C200","width":350,"height":200,"srcset":"https:\/\/i0.wp.com\/vg-damgan.fr\/site\/wp-content\/uploads\/2019\/05\/article-rm6-semaine-du-golfe-du-morbihan-reder-mor-6-damgan.jpg?fit=800%2C445&ssl=1&resize=350%2C200 1x, https:\/\/i0.wp.com\/vg-damgan.fr\/site\/wp-content\/uploads\/2019\/05\/article-rm6-semaine-du-golfe-du-morbihan-reder-mor-6-damgan.jpg?fit=800%2C445&ssl=1&resize=525%2C300 1.5x, https:\/\/i0.wp.com\/vg-damgan.fr\/site\/wp-content\/uploads\/2019\/05\/article-rm6-semaine-du-golfe-du-morbihan-reder-mor-6-damgan.jpg?fit=800%2C445&ssl=1&resize=700%2C400 2x"},"classes":[]},{"id":4363,"url":"https:\/\/vg-damgan.fr\/site\/2025\/12\/hivernage-du-reder-mor-6-2025-2026\/","url_meta":{"origin":2699,"position":2},"title":"Hivernage du Reder Mor 6 2025\/2026","author":"L'\u00e9quipe VGD","date":"5 d\u00e9cembre 2025","format":false,"excerpt":"Mise \u00e0 l'abri du Reder Mor 6 pour l'hiver 2025\/2026 C\u2019est ce mercredi 03 d\u00e9cembre 2025 que le Reder Mor 6 a quitt\u00e9 le port de Penerf pour passer l\u2019hiver au chaud. Apr\u00e8s une campagne 2025 qui a vu, en plus de sainte Anne, de nombreuses personnes embarquer et participer\u2026","rel":"","context":"Dans &quot;Vie de l'association&quot;","block_context":{"text":"Vie de l'association","link":"https:\/\/vg-damgan.fr\/site\/category\/vie-de-lassociation\/"},"img":{"alt_text":"","src":"https:\/\/i0.wp.com\/vg-damgan.fr\/site\/wp-content\/uploads\/2025\/12\/article-hivernage-2025-2026-reder-mor-6.jpg?fit=800%2C445&ssl=1&resize=350%2C200","width":350,"height":200,"srcset":"https:\/\/i0.wp.com\/vg-damgan.fr\/site\/wp-content\/uploads\/2025\/12\/article-hivernage-2025-2026-reder-mor-6.jpg?fit=800%2C445&ssl=1&resize=350%2C200 1x, https:\/\/i0.wp.com\/vg-damgan.fr\/site\/wp-content\/uploads\/2025\/12\/article-hivernage-2025-2026-reder-mor-6.jpg?fit=800%2C445&ssl=1&resize=525%2C300 1.5x, https:\/\/i0.wp.com\/vg-damgan.fr\/site\/wp-content\/uploads\/2025\/12\/article-hivernage-2025-2026-reder-mor-6.jpg?fit=800%2C445&ssl=1&resize=700%2C400 2x"},"classes":[]},{"id":3456,"url":"https:\/\/vg-damgan.fr\/site\/2020\/12\/hivernage-2020-du-reder-mor-6\/","url_meta":{"origin":2699,"position":3},"title":"Hivernage 2020 du Reder Mor 6","author":"L'\u00e9quipe VGD","date":"10 d\u00e9cembre 2020","format":false,"excerpt":"Le Reder Mor 6 est au chaud pour l\u2019hiver Le temps de l'hivernage : C'est une op\u00e9ration en 3 temps sur 2 jours que nous avons r\u00e9alis\u00e9 pour mettre le Reder Mor 6 \u00e0 l'abri pour la fin de l'hiver. Lundi 7 d\u00e9cembre, gr\u00e2ce \u00e0 l\u2019aide de Philippe Clenet, nous\u2026","rel":"","context":"Dans &quot;Vie de l'association&quot;","block_context":{"text":"Vie de l'association","link":"https:\/\/vg-damgan.fr\/site\/category\/vie-de-lassociation\/"},"img":{"alt_text":"","src":"https:\/\/i0.wp.com\/vg-damgan.fr\/site\/wp-content\/uploads\/2020\/12\/hivernage-2020-du-reder-mor-6-damgan.jpg?fit=800%2C445&ssl=1&resize=350%2C200","width":350,"height":200,"srcset":"https:\/\/i0.wp.com\/vg-damgan.fr\/site\/wp-content\/uploads\/2020\/12\/hivernage-2020-du-reder-mor-6-damgan.jpg?fit=800%2C445&ssl=1&resize=350%2C200 1x, https:\/\/i0.wp.com\/vg-damgan.fr\/site\/wp-content\/uploads\/2020\/12\/hivernage-2020-du-reder-mor-6-damgan.jpg?fit=800%2C445&ssl=1&resize=525%2C300 1.5x, https:\/\/i0.wp.com\/vg-damgan.fr\/site\/wp-content\/uploads\/2020\/12\/hivernage-2020-du-reder-mor-6-damgan.jpg?fit=800%2C445&ssl=1&resize=700%2C400 2x"},"classes":[]},{"id":2936,"url":"https:\/\/vg-damgan.fr\/site\/2019\/05\/les-1er-bords-du-reder-mor-6\/","url_meta":{"origin":2699,"position":4},"title":"Les 1er bords du Reder Mor 6","author":"L'\u00e9quipe VGD","date":"17 mai 2019","format":false,"excerpt":"Le Reder Mor 6 est maintenant baptis\u00e9 depuis une semaine (voir articles pr\u00e9c\u00e9dents). Et il est temps d'essayer les nouvelles voiles. Le vent nous a fait patienter une semaine... Dimanche 12, m\u00e9t\u00e9o favorable\u00a0: vent l\u00e9ger pour ne pas faire trop travailler les voiles neuves, et soleil pour les photos qui\u2026","rel":"","context":"Dans &quot;Actualit\u00e9&quot;","block_context":{"text":"Actualit\u00e9","link":"https:\/\/vg-damgan.fr\/site\/category\/actualite\/"},"img":{"alt_text":"","src":"https:\/\/i0.wp.com\/vg-damgan.fr\/site\/wp-content\/uploads\/2019\/05\/article-rm6-PREMIERS-BORD-DU-REDER-MOR-6-SUR-LA-RIVIERE-DE-PENERF-DAMGAN.jpg?fit=800%2C445&ssl=1&resize=350%2C200","width":350,"height":200,"srcset":"https:\/\/i0.wp.com\/vg-damgan.fr\/site\/wp-content\/uploads\/2019\/05\/article-rm6-PREMIERS-BORD-DU-REDER-MOR-6-SUR-LA-RIVIERE-DE-PENERF-DAMGAN.jpg?fit=800%2C445&ssl=1&resize=350%2C200 1x, https:\/\/i0.wp.com\/vg-damgan.fr\/site\/wp-content\/uploads\/2019\/05\/article-rm6-PREMIERS-BORD-DU-REDER-MOR-6-SUR-LA-RIVIERE-DE-PENERF-DAMGAN.jpg?fit=800%2C445&ssl=1&resize=525%2C300 1.5x, https:\/\/i0.wp.com\/vg-damgan.fr\/site\/wp-content\/uploads\/2019\/05\/article-rm6-PREMIERS-BORD-DU-REDER-MOR-6-SUR-LA-RIVIERE-DE-PENERF-DAMGAN.jpg?fit=800%2C445&ssl=1&resize=700%2C400 2x"},"classes":[]},{"id":3299,"url":"https:\/\/vg-damgan.fr\/site\/2020\/06\/debut-de-saison-reder-mor-6\/","url_meta":{"origin":2699,"position":5},"title":"D\u00e9but de saison pour le Reder Mor 6","author":"L'\u00e9quipe VGD","date":"1 juin 2020","format":false,"excerpt":"Ca y est la saison red\u00e9marre et les sorties vont bient\u00f4t reprendre Mise \u00e0 l\u2019eau du Reder Mor 6, le 27 mai \u00a02020 D\u00e9but de saison pour notre bateau, Pierrick nous avait donn\u00e9 rendez-vous au chantier, tout est pr\u00eat, et en route pour le port de Penerf (1-2). D\u00e9pos\u00e9 en\u2026","rel":"","context":"Dans &quot;Actualit\u00e9&quot;","block_context":{"text":"Actualit\u00e9","link":"https:\/\/vg-damgan.fr\/site\/category\/actualite\/"},"img":{"alt_text":"reder mor 6 saison 2020","src":"https:\/\/i0.wp.com\/vg-damgan.fr\/site\/wp-content\/uploads\/2020\/06\/remise-%C3%A0-leau-pour-la-saison-2020-du-reder-mor-6.jpg?fit=800%2C445&ssl=1&resize=350%2C200","width":350,"height":200,"srcset":"https:\/\/i0.wp.com\/vg-damgan.fr\/site\/wp-content\/uploads\/2020\/06\/remise-%C3%A0-leau-pour-la-saison-2020-du-reder-mor-6.jpg?fit=800%2C445&ssl=1&resize=350%2C200 1x, https:\/\/i0.wp.com\/vg-damgan.fr\/site\/wp-content\/uploads\/2020\/06\/remise-%C3%A0-leau-pour-la-saison-2020-du-reder-mor-6.jpg?fit=800%2C445&ssl=1&resize=525%2C300 1.5x, https:\/\/i0.wp.com\/vg-damgan.fr\/site\/wp-content\/uploads\/2020\/06\/remise-%C3%A0-leau-pour-la-saison-2020-du-reder-mor-6.jpg?fit=800%2C445&ssl=1&resize=700%2C400 2x"},"classes":[]}],"_links":{"self":[{"href":"https:\/\/vg-damgan.fr\/site\/wp-json\/wp\/v2\/posts\/2699","targetHints":{"allow":["GET"]}}],"collection":[{"href":"https:\/\/vg-damgan.fr\/site\/wp-json\/wp\/v2\/posts"}],"about":[{"href":"https:\/\/vg-damgan.fr\/site\/wp-json\/wp\/v2\/types\/post"}],"author":[{"embeddable":true,"href":"https:\/\/vg-damgan.fr\/site\/wp-json\/wp\/v2\/users\/4"}],"replies":[{"embeddable":true,"href":"https:\/\/vg-damgan.fr\/site\/wp-json\/wp\/v2\/comments?post=2699"}],"version-history":[{"count":12,"href":"https:\/\/vg-damgan.fr\/site\/wp-json\/wp\/v2\/posts\/2699\/revisions"}],"predecessor-version":[{"id":2741,"href":"https:\/\/vg-damgan.fr\/site\/wp-json\/wp\/v2\/posts\/2699\/revisions\/2741"}],"wp:featuredmedia":[{"embeddable":true,"href":"https:\/\/vg-damgan.fr\/site\/wp-json\/wp\/v2\/media\/2712"}],"wp:attachment":[{"href":"https:\/\/vg-damgan.fr\/site\/wp-json\/wp\/v2\/media?parent=2699"}],"wp:term":[{"taxonomy":"category","embeddable":true,"href":"https:\/\/vg-damgan.fr\/site\/wp-json\/wp\/v2\/categories?post=2699"},{"taxonomy":"post_tag","embeddable":true,"href":"https:\/\/vg-damgan.fr\/site\/wp-json\/wp\/v2\/tags?post=2699"}],"curies":[{"name":"wp","href":"https:\/\/api.w.org\/{rel}","templated":true}]}}