{"id":2991,"date":"2019-05-31T08:58:23","date_gmt":"2019-05-31T07:58:23","guid":{"rendered":"http:\/\/vg-damgan.fr\/site\/?p=2991"},"modified":"2019-05-31T09:33:15","modified_gmt":"2019-05-31T08:33:15","slug":"le-reder-mor-6-a-la-semaine-du-golfe-2019","status":"publish","type":"post","link":"https:\/\/vg-damgan.fr\/site\/2019\/05\/le-reder-mor-6-a-la-semaine-du-golfe-2019\/","title":{"rendered":"Le Reder Mor 6 \u00e0 la semaine du Golfe 2019"},"content":{"rendered":"<p><a href=\"https:\/\/www.semainedugolfe.com\/files\/1660\/2019010358_SET_SDG_web.pdf\"><img data-recalc-dims=\"1\" loading=\"lazy\" decoding=\"async\" data-attachment-id=\"2992\" data-permalink=\"https:\/\/vg-damgan.fr\/site\/2019\/05\/le-reder-mor-6-a-la-semaine-du-golfe-2019\/affiche-semaine-du-golfe-reder-mor-6\/\" data-orig-file=\"https:\/\/i0.wp.com\/vg-damgan.fr\/site\/wp-content\/uploads\/2019\/05\/affiche-semaine-du-golfe-reder-mor-6.jpg?fit=189%2C267&amp;ssl=1\" data-orig-size=\"189,267\" data-comments-opened=\"1\" data-image-meta=\"{&quot;aperture&quot;:&quot;0&quot;,&quot;credit&quot;:&quot;&quot;,&quot;camera&quot;:&quot;&quot;,&quot;caption&quot;:&quot;&quot;,&quot;created_timestamp&quot;:&quot;0&quot;,&quot;copyright&quot;:&quot;&quot;,&quot;focal_length&quot;:&quot;0&quot;,&quot;iso&quot;:&quot;0&quot;,&quot;shutter_speed&quot;:&quot;0&quot;,&quot;title&quot;:&quot;&quot;,&quot;orientation&quot;:&quot;0&quot;}\" data-image-title=\"affiche semaine du golfe reder mor 6\" data-image-description=\"\" data-image-caption=\"\" data-large-file=\"https:\/\/i0.wp.com\/vg-damgan.fr\/site\/wp-content\/uploads\/2019\/05\/affiche-semaine-du-golfe-reder-mor-6.jpg?fit=189%2C267&amp;ssl=1\" class=\"alignleft size-full wp-image-2992\" src=\"https:\/\/i0.wp.com\/vg-damgan.fr\/site\/wp-content\/uploads\/2019\/05\/affiche-semaine-du-golfe-reder-mor-6.jpg?resize=189%2C267\" alt=\"affiche semaine du golfe reder mor 6\" width=\"189\" height=\"267\" \/><\/a>C&rsquo;est une grande semaine pour le Reder Mor 6 puisque l&rsquo;un de nos objectifs \u00e9tait de participer \u00e0 cette \u00e9dition 2019 de la semaine du Golfe. Et c&rsquo;est donc avec \u00e9motion que abordons cet \u00e9v\u00e9nement!<\/p>\n<p>Nous sommes pr\u00e9sent dans la flottille 6 et allons et d\u00e9filer de port en port, portant haut les couleurs de Damgan&#8230;<\/p>\n<p>Nous serons avec les autres vieux gr\u00e9ements lors de la grande parade de samedi.<\/p>\n<p>Pour plus de renseignements, cliquez sur l&rsquo;affiche.<\/p>\n<p>&nbsp;<\/p>\n<h1>Quelques photos du Reder Mor 6:<\/h1>\n<div data-carousel-extra='{&quot;blog_id&quot;:1,&quot;permalink&quot;:&quot;https:\/\/vg-damgan.fr\/site\/2019\/05\/le-reder-mor-6-a-la-semaine-du-golfe-2019\/&quot;}' id='gallery-1' class='gallery galleryid-2991 gallery-columns-2 gallery-size-medium'><figure class='gallery-item'>\n\t\t\t<div class='gallery-icon landscape'>\n\t\t\t\t<a href='https:\/\/vg-damgan.fr\/site\/2019\/05\/le-reder-mor-6-a-la-semaine-du-golfe-2019\/le-reder-mor-6-damgan-a-la-semaine-du-golfe-2019-1\/'><img loading=\"lazy\" decoding=\"async\" width=\"300\" height=\"225\" src=\"https:\/\/i0.wp.com\/vg-damgan.fr\/site\/wp-content\/uploads\/2019\/05\/le-reder-mor-6-damgan-%C3%A0-la-semaine-du-golfe-2019-1.jpg?fit=300%2C225&amp;ssl=1\" class=\"attachment-medium size-medium\" alt=\"\" data-attachment-id=\"2998\" data-permalink=\"https:\/\/vg-damgan.fr\/site\/2019\/05\/le-reder-mor-6-a-la-semaine-du-golfe-2019\/le-reder-mor-6-damgan-a-la-semaine-du-golfe-2019-1\/\" data-orig-file=\"https:\/\/i0.wp.com\/vg-damgan.fr\/site\/wp-content\/uploads\/2019\/05\/le-reder-mor-6-damgan-%C3%A0-la-semaine-du-golfe-2019-1.jpg?fit=1605%2C1204&amp;ssl=1\" data-orig-size=\"1605,1204\" data-comments-opened=\"1\" data-image-meta=\"{&quot;aperture&quot;:&quot;5&quot;,&quot;credit&quot;:&quot;hubert carlier&quot;,&quot;camera&quot;:&quot;DSC-RX10M3&quot;,&quot;caption&quot;:&quot;&quot;,&quot;created_timestamp&quot;:&quot;1559222688&quot;,&quot;copyright&quot;:&quot;&quot;,&quot;focal_length&quot;:&quot;120.91&quot;,&quot;iso&quot;:&quot;100&quot;,&quot;shutter_speed&quot;:&quot;0.001&quot;,&quot;title&quot;:&quot;&quot;,&quot;orientation&quot;:&quot;1&quot;}\" data-image-title=\"le reder mor 6 damgan \u00e0 la semaine du golfe 2019 (1)\" data-image-description=\"\" data-image-caption=\"\" data-large-file=\"https:\/\/i0.wp.com\/vg-damgan.fr\/site\/wp-content\/uploads\/2019\/05\/le-reder-mor-6-damgan-%C3%A0-la-semaine-du-golfe-2019-1.jpg?fit=800%2C600&amp;ssl=1\" \/><\/a>\n\t\t\t<\/div><\/figure><figure class='gallery-item'>\n\t\t\t<div class='gallery-icon landscape'>\n\t\t\t\t<a href='https:\/\/vg-damgan.fr\/site\/2019\/05\/le-reder-mor-6-a-la-semaine-du-golfe-2019\/le-reder-mor-6-damgan-a-la-semaine-du-golfe-2019-2\/'><img loading=\"lazy\" decoding=\"async\" width=\"300\" height=\"225\" src=\"https:\/\/i0.wp.com\/vg-damgan.fr\/site\/wp-content\/uploads\/2019\/05\/le-reder-mor-6-damgan-%C3%A0-la-semaine-du-golfe-2019-2.jpg?fit=300%2C225&amp;ssl=1\" class=\"attachment-medium size-medium\" alt=\"\" data-attachment-id=\"2999\" data-permalink=\"https:\/\/vg-damgan.fr\/site\/2019\/05\/le-reder-mor-6-a-la-semaine-du-golfe-2019\/le-reder-mor-6-damgan-a-la-semaine-du-golfe-2019-2\/\" data-orig-file=\"https:\/\/i0.wp.com\/vg-damgan.fr\/site\/wp-content\/uploads\/2019\/05\/le-reder-mor-6-damgan-%C3%A0-la-semaine-du-golfe-2019-2.jpg?fit=1605%2C1204&amp;ssl=1\" data-orig-size=\"1605,1204\" data-comments-opened=\"1\" data-image-meta=\"{&quot;aperture&quot;:&quot;5&quot;,&quot;credit&quot;:&quot;hubert carlier&quot;,&quot;camera&quot;:&quot;DSC-RX10M3&quot;,&quot;caption&quot;:&quot;&quot;,&quot;created_timestamp&quot;:&quot;1559220749&quot;,&quot;copyright&quot;:&quot;&quot;,&quot;focal_length&quot;:&quot;189.74&quot;,&quot;iso&quot;:&quot;100&quot;,&quot;shutter_speed&quot;:&quot;0.001&quot;,&quot;title&quot;:&quot;&quot;,&quot;orientation&quot;:&quot;1&quot;}\" data-image-title=\"le reder mor 6 damgan \u00e0 la semaine du golfe 2019 (2)\" data-image-description=\"\" data-image-caption=\"\" data-large-file=\"https:\/\/i0.wp.com\/vg-damgan.fr\/site\/wp-content\/uploads\/2019\/05\/le-reder-mor-6-damgan-%C3%A0-la-semaine-du-golfe-2019-2.jpg?fit=800%2C600&amp;ssl=1\" \/><\/a>\n\t\t\t<\/div><\/figure><figure class='gallery-item'>\n\t\t\t<div class='gallery-icon landscape'>\n\t\t\t\t<a href='https:\/\/vg-damgan.fr\/site\/2019\/05\/le-reder-mor-6-a-la-semaine-du-golfe-2019\/le-reder-mor-6-damgan-a-la-semaine-du-golfe-2019-3\/'><img loading=\"lazy\" decoding=\"async\" width=\"300\" height=\"225\" src=\"https:\/\/i0.wp.com\/vg-damgan.fr\/site\/wp-content\/uploads\/2019\/05\/le-reder-mor-6-damgan-%C3%A0-la-semaine-du-golfe-2019-3.jpg?fit=300%2C225&amp;ssl=1\" class=\"attachment-medium size-medium\" alt=\"\" data-attachment-id=\"3000\" data-permalink=\"https:\/\/vg-damgan.fr\/site\/2019\/05\/le-reder-mor-6-a-la-semaine-du-golfe-2019\/le-reder-mor-6-damgan-a-la-semaine-du-golfe-2019-3\/\" data-orig-file=\"https:\/\/i0.wp.com\/vg-damgan.fr\/site\/wp-content\/uploads\/2019\/05\/le-reder-mor-6-damgan-%C3%A0-la-semaine-du-golfe-2019-3.jpg?fit=1555%2C1166&amp;ssl=1\" data-orig-size=\"1555,1166\" data-comments-opened=\"1\" data-image-meta=\"{&quot;aperture&quot;:&quot;5&quot;,&quot;credit&quot;:&quot;hubert carlier&quot;,&quot;camera&quot;:&quot;DSC-RX10M3&quot;,&quot;caption&quot;:&quot;&quot;,&quot;created_timestamp&quot;:&quot;1559220754&quot;,&quot;copyright&quot;:&quot;&quot;,&quot;focal_length&quot;:&quot;124.94&quot;,&quot;iso&quot;:&quot;100&quot;,&quot;shutter_speed&quot;:&quot;0.001&quot;,&quot;title&quot;:&quot;&quot;,&quot;orientation&quot;:&quot;1&quot;}\" data-image-title=\"le reder mor 6 damgan \u00e0 la semaine du golfe 2019 (3)\" data-image-description=\"\" data-image-caption=\"\" data-large-file=\"https:\/\/i0.wp.com\/vg-damgan.fr\/site\/wp-content\/uploads\/2019\/05\/le-reder-mor-6-damgan-%C3%A0-la-semaine-du-golfe-2019-3.jpg?fit=800%2C600&amp;ssl=1\" \/><\/a>\n\t\t\t<\/div><\/figure><figure class='gallery-item'>\n\t\t\t<div class='gallery-icon landscape'>\n\t\t\t\t<a href='https:\/\/vg-damgan.fr\/site\/2019\/05\/le-reder-mor-6-a-la-semaine-du-golfe-2019\/le-reder-mor-6-damgan-a-la-semaine-du-golfe-2019-4\/'><img loading=\"lazy\" decoding=\"async\" width=\"300\" height=\"225\" src=\"https:\/\/i0.wp.com\/vg-damgan.fr\/site\/wp-content\/uploads\/2019\/05\/le-reder-mor-6-damgan-%C3%A0-la-semaine-du-golfe-2019-4.jpg?fit=300%2C225&amp;ssl=1\" class=\"attachment-medium size-medium\" alt=\"\" data-attachment-id=\"3001\" data-permalink=\"https:\/\/vg-damgan.fr\/site\/2019\/05\/le-reder-mor-6-a-la-semaine-du-golfe-2019\/le-reder-mor-6-damgan-a-la-semaine-du-golfe-2019-4\/\" data-orig-file=\"https:\/\/i0.wp.com\/vg-damgan.fr\/site\/wp-content\/uploads\/2019\/05\/le-reder-mor-6-damgan-%C3%A0-la-semaine-du-golfe-2019-4.jpg?fit=1605%2C1204&amp;ssl=1\" data-orig-size=\"1605,1204\" data-comments-opened=\"1\" data-image-meta=\"{&quot;aperture&quot;:&quot;5.6&quot;,&quot;credit&quot;:&quot;hubert carlier&quot;,&quot;camera&quot;:&quot;DSC-RX10M3&quot;,&quot;caption&quot;:&quot;&quot;,&quot;created_timestamp&quot;:&quot;1559220797&quot;,&quot;copyright&quot;:&quot;&quot;,&quot;focal_length&quot;:&quot;39.42&quot;,&quot;iso&quot;:&quot;100&quot;,&quot;shutter_speed&quot;:&quot;0.001&quot;,&quot;title&quot;:&quot;&quot;,&quot;orientation&quot;:&quot;1&quot;}\" data-image-title=\"le reder mor 6 damgan \u00e0 la semaine du golfe 2019 (4)\" data-image-description=\"\" data-image-caption=\"\" data-large-file=\"https:\/\/i0.wp.com\/vg-damgan.fr\/site\/wp-content\/uploads\/2019\/05\/le-reder-mor-6-damgan-%C3%A0-la-semaine-du-golfe-2019-4.jpg?fit=800%2C600&amp;ssl=1\" \/><\/a>\n\t\t\t<\/div><\/figure><figure class='gallery-item'>\n\t\t\t<div class='gallery-icon landscape'>\n\t\t\t\t<a href='https:\/\/vg-damgan.fr\/site\/2019\/05\/le-reder-mor-6-a-la-semaine-du-golfe-2019\/le-reder-mor-6-damgan-a-la-semaine-du-golfe-2019-5\/'><img loading=\"lazy\" decoding=\"async\" width=\"300\" height=\"225\" src=\"https:\/\/i0.wp.com\/vg-damgan.fr\/site\/wp-content\/uploads\/2019\/05\/le-reder-mor-6-damgan-%C3%A0-la-semaine-du-golfe-2019-5.jpg?fit=300%2C225&amp;ssl=1\" class=\"attachment-medium size-medium\" alt=\"\" data-attachment-id=\"3002\" data-permalink=\"https:\/\/vg-damgan.fr\/site\/2019\/05\/le-reder-mor-6-a-la-semaine-du-golfe-2019\/le-reder-mor-6-damgan-a-la-semaine-du-golfe-2019-5\/\" data-orig-file=\"https:\/\/i0.wp.com\/vg-damgan.fr\/site\/wp-content\/uploads\/2019\/05\/le-reder-mor-6-damgan-%C3%A0-la-semaine-du-golfe-2019-5.jpg?fit=1605%2C1204&amp;ssl=1\" data-orig-size=\"1605,1204\" data-comments-opened=\"1\" data-image-meta=\"{&quot;aperture&quot;:&quot;5&quot;,&quot;credit&quot;:&quot;hubert carlier&quot;,&quot;camera&quot;:&quot;DSC-RX10M3&quot;,&quot;caption&quot;:&quot;&quot;,&quot;created_timestamp&quot;:&quot;1559221147&quot;,&quot;copyright&quot;:&quot;&quot;,&quot;focal_length&quot;:&quot;220&quot;,&quot;iso&quot;:&quot;100&quot;,&quot;shutter_speed&quot;:&quot;0.001&quot;,&quot;title&quot;:&quot;&quot;,&quot;orientation&quot;:&quot;1&quot;}\" data-image-title=\"le reder mor 6 damgan \u00e0 la semaine du golfe 2019 (5)\" data-image-description=\"\" data-image-caption=\"\" data-large-file=\"https:\/\/i0.wp.com\/vg-damgan.fr\/site\/wp-content\/uploads\/2019\/05\/le-reder-mor-6-damgan-%C3%A0-la-semaine-du-golfe-2019-5.jpg?fit=800%2C600&amp;ssl=1\" \/><\/a>\n\t\t\t<\/div><\/figure><figure class='gallery-item'>\n\t\t\t<div class='gallery-icon landscape'>\n\t\t\t\t<a href='https:\/\/vg-damgan.fr\/site\/2019\/05\/le-reder-mor-6-a-la-semaine-du-golfe-2019\/le-reder-mor-6-damgan-a-la-semaine-du-golfe-2019-6\/'><img loading=\"lazy\" decoding=\"async\" width=\"300\" height=\"225\" src=\"https:\/\/i0.wp.com\/vg-damgan.fr\/site\/wp-content\/uploads\/2019\/05\/le-reder-mor-6-damgan-%C3%A0-la-semaine-du-golfe-2019-6.jpg?fit=300%2C225&amp;ssl=1\" class=\"attachment-medium size-medium\" alt=\"\" data-attachment-id=\"3003\" data-permalink=\"https:\/\/vg-damgan.fr\/site\/2019\/05\/le-reder-mor-6-a-la-semaine-du-golfe-2019\/le-reder-mor-6-damgan-a-la-semaine-du-golfe-2019-6\/\" data-orig-file=\"https:\/\/i0.wp.com\/vg-damgan.fr\/site\/wp-content\/uploads\/2019\/05\/le-reder-mor-6-damgan-%C3%A0-la-semaine-du-golfe-2019-6.jpg?fit=1605%2C1204&amp;ssl=1\" data-orig-size=\"1605,1204\" data-comments-opened=\"1\" data-image-meta=\"{&quot;aperture&quot;:&quot;4.5&quot;,&quot;credit&quot;:&quot;hubert carlier&quot;,&quot;camera&quot;:&quot;DSC-RX10M3&quot;,&quot;caption&quot;:&quot;&quot;,&quot;created_timestamp&quot;:&quot;1559222550&quot;,&quot;copyright&quot;:&quot;&quot;,&quot;focal_length&quot;:&quot;83.9&quot;,&quot;iso&quot;:&quot;100&quot;,&quot;shutter_speed&quot;:&quot;0.001&quot;,&quot;title&quot;:&quot;&quot;,&quot;orientation&quot;:&quot;1&quot;}\" data-image-title=\"le reder mor 6 damgan \u00e0 la semaine du golfe 2019 (6)\" data-image-description=\"\" data-image-caption=\"\" data-large-file=\"https:\/\/i0.wp.com\/vg-damgan.fr\/site\/wp-content\/uploads\/2019\/05\/le-reder-mor-6-damgan-%C3%A0-la-semaine-du-golfe-2019-6.jpg?fit=800%2C600&amp;ssl=1\" \/><\/a>\n\t\t\t<\/div><\/figure><figure class='gallery-item'>\n\t\t\t<div class='gallery-icon landscape'>\n\t\t\t\t<a href='https:\/\/vg-damgan.fr\/site\/2019\/05\/le-reder-mor-6-a-la-semaine-du-golfe-2019\/le-reder-mor-6-damgan-a-la-semaine-du-golfe-2019-7\/'><img loading=\"lazy\" decoding=\"async\" width=\"300\" height=\"225\" src=\"https:\/\/i0.wp.com\/vg-damgan.fr\/site\/wp-content\/uploads\/2019\/05\/le-reder-mor-6-damgan-%C3%A0-la-semaine-du-golfe-2019-7.jpg?fit=300%2C225&amp;ssl=1\" class=\"attachment-medium size-medium\" alt=\"\" data-attachment-id=\"3004\" data-permalink=\"https:\/\/vg-damgan.fr\/site\/2019\/05\/le-reder-mor-6-a-la-semaine-du-golfe-2019\/le-reder-mor-6-damgan-a-la-semaine-du-golfe-2019-7\/\" data-orig-file=\"https:\/\/i0.wp.com\/vg-damgan.fr\/site\/wp-content\/uploads\/2019\/05\/le-reder-mor-6-damgan-%C3%A0-la-semaine-du-golfe-2019-7.jpg?fit=1605%2C1204&amp;ssl=1\" data-orig-size=\"1605,1204\" data-comments-opened=\"1\" data-image-meta=\"{&quot;aperture&quot;:&quot;4&quot;,&quot;credit&quot;:&quot;hubert carlier&quot;,&quot;camera&quot;:&quot;DSC-RX10M3&quot;,&quot;caption&quot;:&quot;&quot;,&quot;created_timestamp&quot;:&quot;1559222576&quot;,&quot;copyright&quot;:&quot;&quot;,&quot;focal_length&quot;:&quot;171.89&quot;,&quot;iso&quot;:&quot;100&quot;,&quot;shutter_speed&quot;:&quot;0.001&quot;,&quot;title&quot;:&quot;&quot;,&quot;orientation&quot;:&quot;1&quot;}\" data-image-title=\"le reder mor 6 damgan \u00e0 la semaine du golfe 2019 (7)\" data-image-description=\"\" data-image-caption=\"\" data-large-file=\"https:\/\/i0.wp.com\/vg-damgan.fr\/site\/wp-content\/uploads\/2019\/05\/le-reder-mor-6-damgan-%C3%A0-la-semaine-du-golfe-2019-7.jpg?fit=800%2C600&amp;ssl=1\" \/><\/a>\n\t\t\t<\/div><\/figure><figure class='gallery-item'>\n\t\t\t<div class='gallery-icon landscape'>\n\t\t\t\t<a href='https:\/\/vg-damgan.fr\/site\/2019\/05\/le-reder-mor-6-a-la-semaine-du-golfe-2019\/le-reder-mor-6-damgan-a-la-semaine-du-golfe-2019-8\/'><img loading=\"lazy\" decoding=\"async\" width=\"300\" height=\"225\" src=\"https:\/\/i0.wp.com\/vg-damgan.fr\/site\/wp-content\/uploads\/2019\/05\/le-reder-mor-6-damgan-%C3%A0-la-semaine-du-golfe-2019-8.jpg?fit=300%2C225&amp;ssl=1\" class=\"attachment-medium size-medium\" alt=\"\" data-attachment-id=\"3005\" data-permalink=\"https:\/\/vg-damgan.fr\/site\/2019\/05\/le-reder-mor-6-a-la-semaine-du-golfe-2019\/le-reder-mor-6-damgan-a-la-semaine-du-golfe-2019-8\/\" data-orig-file=\"https:\/\/i0.wp.com\/vg-damgan.fr\/site\/wp-content\/uploads\/2019\/05\/le-reder-mor-6-damgan-%C3%A0-la-semaine-du-golfe-2019-8.jpg?fit=1605%2C1204&amp;ssl=1\" data-orig-size=\"1605,1204\" data-comments-opened=\"1\" data-image-meta=\"{&quot;aperture&quot;:&quot;5&quot;,&quot;credit&quot;:&quot;hubert carlier&quot;,&quot;camera&quot;:&quot;DSC-RX10M3&quot;,&quot;caption&quot;:&quot;&quot;,&quot;created_timestamp&quot;:&quot;1559222595&quot;,&quot;copyright&quot;:&quot;&quot;,&quot;focal_length&quot;:&quot;36.72&quot;,&quot;iso&quot;:&quot;100&quot;,&quot;shutter_speed&quot;:&quot;0.001&quot;,&quot;title&quot;:&quot;&quot;,&quot;orientation&quot;:&quot;1&quot;}\" data-image-title=\"le reder mor 6 damgan \u00e0 la semaine du golfe 2019 (8)\" data-image-description=\"\" data-image-caption=\"\" data-large-file=\"https:\/\/i0.wp.com\/vg-damgan.fr\/site\/wp-content\/uploads\/2019\/05\/le-reder-mor-6-damgan-%C3%A0-la-semaine-du-golfe-2019-8.jpg?fit=800%2C600&amp;ssl=1\" \/><\/a>\n\t\t\t<\/div><\/figure><figure class='gallery-item'>\n\t\t\t<div class='gallery-icon landscape'>\n\t\t\t\t<a href='https:\/\/vg-damgan.fr\/site\/2019\/05\/le-reder-mor-6-a-la-semaine-du-golfe-2019\/le-reder-mor-6-damgan-a-la-semaine-du-golfe-2019-9\/'><img loading=\"lazy\" decoding=\"async\" width=\"300\" height=\"225\" src=\"https:\/\/i0.wp.com\/vg-damgan.fr\/site\/wp-content\/uploads\/2019\/05\/le-reder-mor-6-damgan-%C3%A0-la-semaine-du-golfe-2019-9.jpg?fit=300%2C225&amp;ssl=1\" class=\"attachment-medium size-medium\" alt=\"\" data-attachment-id=\"3006\" data-permalink=\"https:\/\/vg-damgan.fr\/site\/2019\/05\/le-reder-mor-6-a-la-semaine-du-golfe-2019\/le-reder-mor-6-damgan-a-la-semaine-du-golfe-2019-9\/\" data-orig-file=\"https:\/\/i0.wp.com\/vg-damgan.fr\/site\/wp-content\/uploads\/2019\/05\/le-reder-mor-6-damgan-%C3%A0-la-semaine-du-golfe-2019-9.jpg?fit=1605%2C1204&amp;ssl=1\" data-orig-size=\"1605,1204\" data-comments-opened=\"1\" data-image-meta=\"{&quot;aperture&quot;:&quot;4.5&quot;,&quot;credit&quot;:&quot;hubert carlier&quot;,&quot;camera&quot;:&quot;DSC-RX10M3&quot;,&quot;caption&quot;:&quot;&quot;,&quot;created_timestamp&quot;:&quot;1559222605&quot;,&quot;copyright&quot;:&quot;&quot;,&quot;focal_length&quot;:&quot;174.93&quot;,&quot;iso&quot;:&quot;100&quot;,&quot;shutter_speed&quot;:&quot;0.001&quot;,&quot;title&quot;:&quot;&quot;,&quot;orientation&quot;:&quot;1&quot;}\" data-image-title=\"le reder mor 6 damgan \u00e0 la semaine du golfe 2019 (9)\" data-image-description=\"\" data-image-caption=\"\" data-large-file=\"https:\/\/i0.wp.com\/vg-damgan.fr\/site\/wp-content\/uploads\/2019\/05\/le-reder-mor-6-damgan-%C3%A0-la-semaine-du-golfe-2019-9.jpg?fit=800%2C600&amp;ssl=1\" \/><\/a>\n\t\t\t<\/div><\/figure><figure class='gallery-item'>\n\t\t\t<div class='gallery-icon landscape'>\n\t\t\t\t<a href='https:\/\/vg-damgan.fr\/site\/2019\/05\/le-reder-mor-6-a-la-semaine-du-golfe-2019\/le-reder-mor-6-damgan-a-la-semaine-du-golfe-2019-10\/'><img loading=\"lazy\" decoding=\"async\" width=\"300\" height=\"225\" src=\"https:\/\/i0.wp.com\/vg-damgan.fr\/site\/wp-content\/uploads\/2019\/05\/le-reder-mor-6-damgan-%C3%A0-la-semaine-du-golfe-2019-10.jpg?fit=300%2C225&amp;ssl=1\" class=\"attachment-medium size-medium\" alt=\"\" aria-describedby=\"gallery-1-3007\" data-attachment-id=\"3007\" data-permalink=\"https:\/\/vg-damgan.fr\/site\/2019\/05\/le-reder-mor-6-a-la-semaine-du-golfe-2019\/le-reder-mor-6-damgan-a-la-semaine-du-golfe-2019-10\/\" data-orig-file=\"https:\/\/i0.wp.com\/vg-damgan.fr\/site\/wp-content\/uploads\/2019\/05\/le-reder-mor-6-damgan-%C3%A0-la-semaine-du-golfe-2019-10.jpg?fit=1605%2C1204&amp;ssl=1\" data-orig-size=\"1605,1204\" data-comments-opened=\"1\" data-image-meta=\"{&quot;aperture&quot;:&quot;6.3&quot;,&quot;credit&quot;:&quot;hubert carlier&quot;,&quot;camera&quot;:&quot;DSC-RX10M3&quot;,&quot;caption&quot;:&quot;&quot;,&quot;created_timestamp&quot;:&quot;1559222642&quot;,&quot;copyright&quot;:&quot;&quot;,&quot;focal_length&quot;:&quot;56.39&quot;,&quot;iso&quot;:&quot;100&quot;,&quot;shutter_speed&quot;:&quot;0.001&quot;,&quot;title&quot;:&quot;&quot;,&quot;orientation&quot;:&quot;1&quot;}\" data-image-title=\"le reder mor 6 damgan \u00e0 la semaine du golfe 2019 (10)\" data-image-description=\"\" data-image-caption=\"&lt;p&gt;Le Reder Mor 6&lt;\/p&gt;\n\" data-large-file=\"https:\/\/i0.wp.com\/vg-damgan.fr\/site\/wp-content\/uploads\/2019\/05\/le-reder-mor-6-damgan-%C3%A0-la-semaine-du-golfe-2019-10.jpg?fit=800%2C600&amp;ssl=1\" \/><\/a>\n\t\t\t<\/div>\n\t\t\t\t<figcaption class='wp-caption-text gallery-caption' id='gallery-1-3007'>\n\t\t\t\tLe Reder Mor 6\n\t\t\t\t<\/figcaption><\/figure>\n\t\t<\/div>\n\n<p><a href=\"https:\/\/i0.wp.com\/vg-damgan.fr\/site\/wp-content\/uploads\/2019\/05\/le-reder-mor-6-damgan-%C3%A0-la-semaine-du-golfe-du-morbihan-2019-1.jpg\"><img data-recalc-dims=\"1\" loading=\"lazy\" decoding=\"async\" data-attachment-id=\"3008\" data-permalink=\"https:\/\/vg-damgan.fr\/site\/2019\/05\/le-reder-mor-6-a-la-semaine-du-golfe-2019\/le-reder-mor-6-damgan-a-la-semaine-du-golfe-du-morbihan-2019-1\/\" data-orig-file=\"https:\/\/i0.wp.com\/vg-damgan.fr\/site\/wp-content\/uploads\/2019\/05\/le-reder-mor-6-damgan-%C3%A0-la-semaine-du-golfe-du-morbihan-2019-1.jpg?fit=1204%2C1605&amp;ssl=1\" data-orig-size=\"1204,1605\" data-comments-opened=\"1\" data-image-meta=\"{&quot;aperture&quot;:&quot;5&quot;,&quot;credit&quot;:&quot;hubert carlier&quot;,&quot;camera&quot;:&quot;DSC-RX10M3&quot;,&quot;caption&quot;:&quot;&quot;,&quot;created_timestamp&quot;:&quot;1559222568&quot;,&quot;copyright&quot;:&quot;&quot;,&quot;focal_length&quot;:&quot;51.14&quot;,&quot;iso&quot;:&quot;100&quot;,&quot;shutter_speed&quot;:&quot;0.001&quot;,&quot;title&quot;:&quot;&quot;,&quot;orientation&quot;:&quot;1&quot;}\" data-image-title=\"le reder mor 6 damgan \u00e0 la semaine du golfe du morbihan 2019 (1)\" data-image-description=\"\" data-image-caption=\"\" data-large-file=\"https:\/\/i0.wp.com\/vg-damgan.fr\/site\/wp-content\/uploads\/2019\/05\/le-reder-mor-6-damgan-%C3%A0-la-semaine-du-golfe-du-morbihan-2019-1.jpg?fit=450%2C600&amp;ssl=1\" class=\"aligncenter size-large wp-image-3008\" src=\"https:\/\/i0.wp.com\/vg-damgan.fr\/site\/wp-content\/uploads\/2019\/05\/le-reder-mor-6-damgan-%C3%A0-la-semaine-du-golfe-du-morbihan-2019-1-450x600.jpg?resize=450%2C600\" alt=\"le reder mor 6 damgan \u00e0 la semaine du golfe du morbihan 2019 (1)\" width=\"450\" height=\"600\" srcset=\"https:\/\/i0.wp.com\/vg-damgan.fr\/site\/wp-content\/uploads\/2019\/05\/le-reder-mor-6-damgan-%C3%A0-la-semaine-du-golfe-du-morbihan-2019-1.jpg?resize=450%2C600&amp;ssl=1 450w, https:\/\/i0.wp.com\/vg-damgan.fr\/site\/wp-content\/uploads\/2019\/05\/le-reder-mor-6-damgan-%C3%A0-la-semaine-du-golfe-du-morbihan-2019-1.jpg?resize=225%2C300&amp;ssl=1 225w, https:\/\/i0.wp.com\/vg-damgan.fr\/site\/wp-content\/uploads\/2019\/05\/le-reder-mor-6-damgan-%C3%A0-la-semaine-du-golfe-du-morbihan-2019-1.jpg?resize=768%2C1024&amp;ssl=1 768w, https:\/\/i0.wp.com\/vg-damgan.fr\/site\/wp-content\/uploads\/2019\/05\/le-reder-mor-6-damgan-%C3%A0-la-semaine-du-golfe-du-morbihan-2019-1.jpg?w=1204&amp;ssl=1 1204w\" sizes=\"auto, (max-width: 450px) 100vw, 450px\" \/><\/a><\/p>\n<p><a href=\"https:\/\/i0.wp.com\/vg-damgan.fr\/site\/wp-content\/uploads\/2019\/05\/le-reder-mor-6-damgan-%C3%A0-la-semaine-du-golfe-du-morbihan-2019-2.jpg\"><img data-recalc-dims=\"1\" loading=\"lazy\" decoding=\"async\" data-attachment-id=\"3009\" data-permalink=\"https:\/\/vg-damgan.fr\/site\/2019\/05\/le-reder-mor-6-a-la-semaine-du-golfe-2019\/le-reder-mor-6-damgan-a-la-semaine-du-golfe-du-morbihan-2019-2\/\" data-orig-file=\"https:\/\/i0.wp.com\/vg-damgan.fr\/site\/wp-content\/uploads\/2019\/05\/le-reder-mor-6-damgan-%C3%A0-la-semaine-du-golfe-du-morbihan-2019-2.jpg?fit=1204%2C1605&amp;ssl=1\" data-orig-size=\"1204,1605\" data-comments-opened=\"1\" data-image-meta=\"{&quot;aperture&quot;:&quot;4.5&quot;,&quot;credit&quot;:&quot;hubert carlier&quot;,&quot;camera&quot;:&quot;DSC-RX10M3&quot;,&quot;caption&quot;:&quot;&quot;,&quot;created_timestamp&quot;:&quot;1559222519&quot;,&quot;copyright&quot;:&quot;&quot;,&quot;focal_length&quot;:&quot;128.59&quot;,&quot;iso&quot;:&quot;100&quot;,&quot;shutter_speed&quot;:&quot;0.001&quot;,&quot;title&quot;:&quot;&quot;,&quot;orientation&quot;:&quot;1&quot;}\" data-image-title=\"le reder mor 6 damgan \u00e0 la semaine du golfe du morbihan 2019 (2)\" data-image-description=\"\" data-image-caption=\"\" data-large-file=\"https:\/\/i0.wp.com\/vg-damgan.fr\/site\/wp-content\/uploads\/2019\/05\/le-reder-mor-6-damgan-%C3%A0-la-semaine-du-golfe-du-morbihan-2019-2.jpg?fit=450%2C600&amp;ssl=1\" class=\"aligncenter size-large wp-image-3009\" src=\"https:\/\/i0.wp.com\/vg-damgan.fr\/site\/wp-content\/uploads\/2019\/05\/le-reder-mor-6-damgan-%C3%A0-la-semaine-du-golfe-du-morbihan-2019-2-450x600.jpg?resize=450%2C600\" alt=\"le reder mor 6 damgan \u00e0 la semaine du golfe du morbihan 2019 (2)\" width=\"450\" height=\"600\" srcset=\"https:\/\/i0.wp.com\/vg-damgan.fr\/site\/wp-content\/uploads\/2019\/05\/le-reder-mor-6-damgan-%C3%A0-la-semaine-du-golfe-du-morbihan-2019-2.jpg?resize=450%2C600&amp;ssl=1 450w, https:\/\/i0.wp.com\/vg-damgan.fr\/site\/wp-content\/uploads\/2019\/05\/le-reder-mor-6-damgan-%C3%A0-la-semaine-du-golfe-du-morbihan-2019-2.jpg?resize=225%2C300&amp;ssl=1 225w, https:\/\/i0.wp.com\/vg-damgan.fr\/site\/wp-content\/uploads\/2019\/05\/le-reder-mor-6-damgan-%C3%A0-la-semaine-du-golfe-du-morbihan-2019-2.jpg?resize=768%2C1024&amp;ssl=1 768w, https:\/\/i0.wp.com\/vg-damgan.fr\/site\/wp-content\/uploads\/2019\/05\/le-reder-mor-6-damgan-%C3%A0-la-semaine-du-golfe-du-morbihan-2019-2.jpg?w=1204&amp;ssl=1 1204w\" sizes=\"auto, (max-width: 450px) 100vw, 450px\" \/><\/a><\/p>\n<p><a href=\"https:\/\/i0.wp.com\/vg-damgan.fr\/site\/wp-content\/uploads\/2019\/05\/le-reder-mor-6-damgan-%C3%A0-la-semaine-du-golfe-du-morbihan-2019-3.jpg\"><img data-recalc-dims=\"1\" loading=\"lazy\" decoding=\"async\" data-attachment-id=\"3010\" data-permalink=\"https:\/\/vg-damgan.fr\/site\/2019\/05\/le-reder-mor-6-a-la-semaine-du-golfe-2019\/le-reder-mor-6-damgan-a-la-semaine-du-golfe-du-morbihan-2019-3\/\" data-orig-file=\"https:\/\/i0.wp.com\/vg-damgan.fr\/site\/wp-content\/uploads\/2019\/05\/le-reder-mor-6-damgan-%C3%A0-la-semaine-du-golfe-du-morbihan-2019-3.jpg?fit=1204%2C1605&amp;ssl=1\" data-orig-size=\"1204,1605\" data-comments-opened=\"1\" data-image-meta=\"{&quot;aperture&quot;:&quot;4.5&quot;,&quot;credit&quot;:&quot;hubert carlier&quot;,&quot;camera&quot;:&quot;DSC-RX10M3&quot;,&quot;caption&quot;:&quot;&quot;,&quot;created_timestamp&quot;:&quot;1559222554&quot;,&quot;copyright&quot;:&quot;&quot;,&quot;focal_length&quot;:&quot;58.29&quot;,&quot;iso&quot;:&quot;100&quot;,&quot;shutter_speed&quot;:&quot;0.001&quot;,&quot;title&quot;:&quot;&quot;,&quot;orientation&quot;:&quot;1&quot;}\" data-image-title=\"le reder mor 6 damgan \u00e0 la semaine du golfe du morbihan 2019 (3)\" data-image-description=\"\" data-image-caption=\"\" data-large-file=\"https:\/\/i0.wp.com\/vg-damgan.fr\/site\/wp-content\/uploads\/2019\/05\/le-reder-mor-6-damgan-%C3%A0-la-semaine-du-golfe-du-morbihan-2019-3.jpg?fit=450%2C600&amp;ssl=1\" class=\"aligncenter size-large wp-image-3010\" src=\"https:\/\/i0.wp.com\/vg-damgan.fr\/site\/wp-content\/uploads\/2019\/05\/le-reder-mor-6-damgan-%C3%A0-la-semaine-du-golfe-du-morbihan-2019-3-450x600.jpg?resize=450%2C600\" alt=\"le reder mor 6 damgan \u00e0 la semaine du golfe du morbihan 2019 (3)\" width=\"450\" height=\"600\" srcset=\"https:\/\/i0.wp.com\/vg-damgan.fr\/site\/wp-content\/uploads\/2019\/05\/le-reder-mor-6-damgan-%C3%A0-la-semaine-du-golfe-du-morbihan-2019-3.jpg?resize=450%2C600&amp;ssl=1 450w, https:\/\/i0.wp.com\/vg-damgan.fr\/site\/wp-content\/uploads\/2019\/05\/le-reder-mor-6-damgan-%C3%A0-la-semaine-du-golfe-du-morbihan-2019-3.jpg?resize=225%2C300&amp;ssl=1 225w, https:\/\/i0.wp.com\/vg-damgan.fr\/site\/wp-content\/uploads\/2019\/05\/le-reder-mor-6-damgan-%C3%A0-la-semaine-du-golfe-du-morbihan-2019-3.jpg?resize=768%2C1024&amp;ssl=1 768w, https:\/\/i0.wp.com\/vg-damgan.fr\/site\/wp-content\/uploads\/2019\/05\/le-reder-mor-6-damgan-%C3%A0-la-semaine-du-golfe-du-morbihan-2019-3.jpg?w=1204&amp;ssl=1 1204w\" sizes=\"auto, (max-width: 450px) 100vw, 450px\" \/><\/a><\/p>\n<p>&nbsp;<\/p>\n","protected":false},"excerpt":{"rendered":"<div class=\"mh-excerpt\"><p>C&rsquo;est une grande semaine pour le Reder Mor 6 puisque l&rsquo;un de nos objectifs \u00e9tait de participer \u00e0 cette \u00e9dition 2019 de la semaine du Golfe. Et <a class=\"mh-excerpt-more\" href=\"https:\/\/vg-damgan.fr\/site\/2019\/05\/le-reder-mor-6-a-la-semaine-du-golfe-2019\/\" title=\"Le Reder Mor 6 \u00e0 la semaine du Golfe 2019\">&#8230;[Lire la suite&#8230;]<\/a><\/p>\n<\/div>","protected":false},"author":4,"featured_media":3014,"comment_status":"open","ping_status":"open","sticky":false,"template":"","format":"standard","meta":{"_monsterinsights_skip_tracking":false,"_monsterinsights_sitenote_active":false,"_monsterinsights_sitenote_note":"","_monsterinsights_sitenote_category":0,"jetpack_post_was_ever_published":false,"_jetpack_newsletter_access":"","_jetpack_dont_email_post_to_subs":true,"_jetpack_newsletter_tier_id":0,"_jetpack_memberships_contains_paywalled_content":false,"_jetpack_memberships_contains_paid_content":false,"footnotes":""},"categories":[31,32,20,4],"tags":[],"class_list":["post-2991","post","type-post","status-publish","format-standard","has-post-thumbnail","hentry","category-actualite","category-autres-vieux-greements","category-histoire","category-vie-de-lassociation","odd"],"yoast_head":"<!-- This site is optimized with the Yoast SEO plugin v27.4 - https:\/\/yoast.com\/product\/yoast-seo-wordpress\/ -->\n<title>Le Reder Mor 6 \u00e0 la semaine du Golfe 2019 - Un vieux gr\u00e9ement pour Damgan<\/title>\n<meta name=\"description\" content=\"Comme nous nous l&#039;\u00e9tions promis, nous sommes \u00e0 la semaine du Golfe pour la 10\u00e8me \u00e9dition. C&#039;est un grand moment pour nous de naviguer aupr\u00e8s des autres vieux gr\u00e9ements\" \/>\n<meta name=\"robots\" content=\"index, follow, max-snippet:-1, max-image-preview:large, max-video-preview:-1\" \/>\n<link rel=\"canonical\" href=\"https:\/\/vg-damgan.fr\/site\/2019\/05\/le-reder-mor-6-a-la-semaine-du-golfe-2019\/\" \/>\n<meta property=\"og:locale\" content=\"fr_FR\" \/>\n<meta property=\"og:type\" content=\"article\" \/>\n<meta property=\"og:title\" content=\"Le Reder Mor 6 \u00e0 la semaine du Golfe 2019 - Un vieux gr\u00e9ement pour Damgan\" \/>\n<meta property=\"og:description\" content=\"Comme nous nous l&#039;\u00e9tions promis, nous sommes \u00e0 la semaine du Golfe pour la 10\u00e8me \u00e9dition. C&#039;est un grand moment pour nous de naviguer aupr\u00e8s des autres vieux gr\u00e9ements\" \/>\n<meta property=\"og:url\" content=\"https:\/\/vg-damgan.fr\/site\/2019\/05\/le-reder-mor-6-a-la-semaine-du-golfe-2019\/\" \/>\n<meta property=\"og:site_name\" content=\"Un vieux gr\u00e9ement pour Damgan\" \/>\n<meta property=\"article:publisher\" content=\"https:\/\/www.facebook.com\/VGDamgan\" \/>\n<meta property=\"article:published_time\" content=\"2019-05-31T07:58:23+00:00\" \/>\n<meta property=\"article:modified_time\" content=\"2019-05-31T08:33:15+00:00\" \/>\n<meta property=\"og:image\" content=\"https:\/\/i0.wp.com\/vg-damgan.fr\/site\/wp-content\/uploads\/2019\/05\/article-rm6-semaine-du-golfe-du-morbihan-reder-mor-6-damgan.jpg?fit=800%2C445&ssl=1\" \/>\n\t<meta property=\"og:image:width\" content=\"800\" \/>\n\t<meta property=\"og:image:height\" content=\"445\" \/>\n\t<meta property=\"og:image:type\" content=\"image\/jpeg\" \/>\n<meta name=\"author\" content=\"L&#039;\u00e9quipe VGD\" \/>\n<meta name=\"twitter:card\" content=\"summary_large_image\" \/>\n<meta name=\"twitter:label1\" content=\"\u00c9crit par\" \/>\n\t<meta name=\"twitter:data1\" content=\"L&#039;\u00e9quipe VGD\" \/>\n<script type=\"application\/ld+json\" class=\"yoast-schema-graph\">{\"@context\":\"https:\\\/\\\/schema.org\",\"@graph\":[{\"@type\":\"Article\",\"@id\":\"https:\\\/\\\/vg-damgan.fr\\\/site\\\/2019\\\/05\\\/le-reder-mor-6-a-la-semaine-du-golfe-2019\\\/#article\",\"isPartOf\":{\"@id\":\"https:\\\/\\\/vg-damgan.fr\\\/site\\\/2019\\\/05\\\/le-reder-mor-6-a-la-semaine-du-golfe-2019\\\/\"},\"author\":{\"name\":\"L'\u00e9quipe VGD\",\"@id\":\"https:\\\/\\\/vg-damgan.fr\\\/site\\\/#\\\/schema\\\/person\\\/2326e572951faf890ceda060dcafa46c\"},\"headline\":\"Le Reder Mor 6 \u00e0 la semaine du Golfe 2019\",\"datePublished\":\"2019-05-31T07:58:23+00:00\",\"dateModified\":\"2019-05-31T08:33:15+00:00\",\"mainEntityOfPage\":{\"@id\":\"https:\\\/\\\/vg-damgan.fr\\\/site\\\/2019\\\/05\\\/le-reder-mor-6-a-la-semaine-du-golfe-2019\\\/\"},\"wordCount\":96,\"commentCount\":1,\"publisher\":{\"@id\":\"https:\\\/\\\/vg-damgan.fr\\\/site\\\/#organization\"},\"image\":{\"@id\":\"https:\\\/\\\/vg-damgan.fr\\\/site\\\/2019\\\/05\\\/le-reder-mor-6-a-la-semaine-du-golfe-2019\\\/#primaryimage\"},\"thumbnailUrl\":\"https:\\\/\\\/i0.wp.com\\\/vg-damgan.fr\\\/site\\\/wp-content\\\/uploads\\\/2019\\\/05\\\/article-rm6-semaine-du-golfe-du-morbihan-reder-mor-6-damgan.jpg?fit=800%2C445&ssl=1\",\"articleSection\":[\"Actualit\u00e9\",\"Autres vieux gr\u00e9ements\",\"Histoire\",\"Vie de l'association\"],\"inLanguage\":\"fr-FR\",\"potentialAction\":[{\"@type\":\"CommentAction\",\"name\":\"Comment\",\"target\":[\"https:\\\/\\\/vg-damgan.fr\\\/site\\\/2019\\\/05\\\/le-reder-mor-6-a-la-semaine-du-golfe-2019\\\/#respond\"]}]},{\"@type\":\"WebPage\",\"@id\":\"https:\\\/\\\/vg-damgan.fr\\\/site\\\/2019\\\/05\\\/le-reder-mor-6-a-la-semaine-du-golfe-2019\\\/\",\"url\":\"https:\\\/\\\/vg-damgan.fr\\\/site\\\/2019\\\/05\\\/le-reder-mor-6-a-la-semaine-du-golfe-2019\\\/\",\"name\":\"Le Reder Mor 6 \u00e0 la semaine du Golfe 2019 - Un vieux gr\u00e9ement pour Damgan\",\"isPartOf\":{\"@id\":\"https:\\\/\\\/vg-damgan.fr\\\/site\\\/#website\"},\"primaryImageOfPage\":{\"@id\":\"https:\\\/\\\/vg-damgan.fr\\\/site\\\/2019\\\/05\\\/le-reder-mor-6-a-la-semaine-du-golfe-2019\\\/#primaryimage\"},\"image\":{\"@id\":\"https:\\\/\\\/vg-damgan.fr\\\/site\\\/2019\\\/05\\\/le-reder-mor-6-a-la-semaine-du-golfe-2019\\\/#primaryimage\"},\"thumbnailUrl\":\"https:\\\/\\\/i0.wp.com\\\/vg-damgan.fr\\\/site\\\/wp-content\\\/uploads\\\/2019\\\/05\\\/article-rm6-semaine-du-golfe-du-morbihan-reder-mor-6-damgan.jpg?fit=800%2C445&ssl=1\",\"datePublished\":\"2019-05-31T07:58:23+00:00\",\"dateModified\":\"2019-05-31T08:33:15+00:00\",\"description\":\"Comme nous nous l'\u00e9tions promis, nous sommes \u00e0 la semaine du Golfe pour la 10\u00e8me \u00e9dition. C'est un grand moment pour nous de naviguer aupr\u00e8s des autres vieux gr\u00e9ements\",\"breadcrumb\":{\"@id\":\"https:\\\/\\\/vg-damgan.fr\\\/site\\\/2019\\\/05\\\/le-reder-mor-6-a-la-semaine-du-golfe-2019\\\/#breadcrumb\"},\"inLanguage\":\"fr-FR\",\"potentialAction\":[{\"@type\":\"ReadAction\",\"target\":[\"https:\\\/\\\/vg-damgan.fr\\\/site\\\/2019\\\/05\\\/le-reder-mor-6-a-la-semaine-du-golfe-2019\\\/\"]}]},{\"@type\":\"ImageObject\",\"inLanguage\":\"fr-FR\",\"@id\":\"https:\\\/\\\/vg-damgan.fr\\\/site\\\/2019\\\/05\\\/le-reder-mor-6-a-la-semaine-du-golfe-2019\\\/#primaryimage\",\"url\":\"https:\\\/\\\/i0.wp.com\\\/vg-damgan.fr\\\/site\\\/wp-content\\\/uploads\\\/2019\\\/05\\\/article-rm6-semaine-du-golfe-du-morbihan-reder-mor-6-damgan.jpg?fit=800%2C445&ssl=1\",\"contentUrl\":\"https:\\\/\\\/i0.wp.com\\\/vg-damgan.fr\\\/site\\\/wp-content\\\/uploads\\\/2019\\\/05\\\/article-rm6-semaine-du-golfe-du-morbihan-reder-mor-6-damgan.jpg?fit=800%2C445&ssl=1\",\"width\":800,\"height\":445},{\"@type\":\"BreadcrumbList\",\"@id\":\"https:\\\/\\\/vg-damgan.fr\\\/site\\\/2019\\\/05\\\/le-reder-mor-6-a-la-semaine-du-golfe-2019\\\/#breadcrumb\",\"itemListElement\":[{\"@type\":\"ListItem\",\"position\":1,\"name\":\"Accueil\",\"item\":\"https:\\\/\\\/vg-damgan.fr\\\/site\\\/\"},{\"@type\":\"ListItem\",\"position\":2,\"name\":\"Le Reder Mor 6 \u00e0 la semaine du Golfe 2019\"}]},{\"@type\":\"WebSite\",\"@id\":\"https:\\\/\\\/vg-damgan.fr\\\/site\\\/#website\",\"url\":\"https:\\\/\\\/vg-damgan.fr\\\/site\\\/\",\"name\":\"Un vieux gr\u00e9ement pour Damgan\",\"description\":\"Association damganaise pour la restauration de bateaux d\u2019int\u00e9r\u00eat patrimonial\",\"publisher\":{\"@id\":\"https:\\\/\\\/vg-damgan.fr\\\/site\\\/#organization\"},\"potentialAction\":[{\"@type\":\"SearchAction\",\"target\":{\"@type\":\"EntryPoint\",\"urlTemplate\":\"https:\\\/\\\/vg-damgan.fr\\\/site\\\/?s={search_term_string}\"},\"query-input\":{\"@type\":\"PropertyValueSpecification\",\"valueRequired\":true,\"valueName\":\"search_term_string\"}}],\"inLanguage\":\"fr-FR\"},{\"@type\":\"Organization\",\"@id\":\"https:\\\/\\\/vg-damgan.fr\\\/site\\\/#organization\",\"name\":\"Un vieux gr\u00e9ement pour Damgan\",\"url\":\"https:\\\/\\\/vg-damgan.fr\\\/site\\\/\",\"logo\":{\"@type\":\"ImageObject\",\"inLanguage\":\"fr-FR\",\"@id\":\"https:\\\/\\\/vg-damgan.fr\\\/site\\\/#\\\/schema\\\/logo\\\/image\\\/\",\"url\":\"https:\\\/\\\/i0.wp.com\\\/vg-damgan.fr\\\/site\\\/wp-content\\\/uploads\\\/2022\\\/12\\\/RederMor-Logo-photo.jpg?fit=2100%2C1680&ssl=1\",\"contentUrl\":\"https:\\\/\\\/i0.wp.com\\\/vg-damgan.fr\\\/site\\\/wp-content\\\/uploads\\\/2022\\\/12\\\/RederMor-Logo-photo.jpg?fit=2100%2C1680&ssl=1\",\"width\":2100,\"height\":1680,\"caption\":\"Un vieux gr\u00e9ement pour Damgan\"},\"image\":{\"@id\":\"https:\\\/\\\/vg-damgan.fr\\\/site\\\/#\\\/schema\\\/logo\\\/image\\\/\"},\"sameAs\":[\"https:\\\/\\\/www.facebook.com\\\/VGDamgan\"]},{\"@type\":\"Person\",\"@id\":\"https:\\\/\\\/vg-damgan.fr\\\/site\\\/#\\\/schema\\\/person\\\/2326e572951faf890ceda060dcafa46c\",\"name\":\"L'\u00e9quipe VGD\",\"image\":{\"@type\":\"ImageObject\",\"inLanguage\":\"fr-FR\",\"@id\":\"https:\\\/\\\/secure.gravatar.com\\\/avatar\\\/6ee3424c0b1969bdd82ab635ae1d0156f02a526fcb47e50f6f9fce4766ccd4b7?s=96&d=mm&r=g\",\"url\":\"https:\\\/\\\/secure.gravatar.com\\\/avatar\\\/6ee3424c0b1969bdd82ab635ae1d0156f02a526fcb47e50f6f9fce4766ccd4b7?s=96&d=mm&r=g\",\"contentUrl\":\"https:\\\/\\\/secure.gravatar.com\\\/avatar\\\/6ee3424c0b1969bdd82ab635ae1d0156f02a526fcb47e50f6f9fce4766ccd4b7?s=96&d=mm&r=g\",\"caption\":\"L'\u00e9quipe VGD\"},\"url\":\"https:\\\/\\\/vg-damgan.fr\\\/site\\\/author\\\/hubert\\\/\"}]}<\/script>\n<!-- \/ Yoast SEO plugin. -->","yoast_head_json":{"title":"Le Reder Mor 6 \u00e0 la semaine du Golfe 2019 - Un vieux gr\u00e9ement pour Damgan","description":"Comme nous nous l'\u00e9tions promis, nous sommes \u00e0 la semaine du Golfe pour la 10\u00e8me \u00e9dition. C'est un grand moment pour nous de naviguer aupr\u00e8s des autres vieux gr\u00e9ements","robots":{"index":"index","follow":"follow","max-snippet":"max-snippet:-1","max-image-preview":"max-image-preview:large","max-video-preview":"max-video-preview:-1"},"canonical":"https:\/\/vg-damgan.fr\/site\/2019\/05\/le-reder-mor-6-a-la-semaine-du-golfe-2019\/","og_locale":"fr_FR","og_type":"article","og_title":"Le Reder Mor 6 \u00e0 la semaine du Golfe 2019 - Un vieux gr\u00e9ement pour Damgan","og_description":"Comme nous nous l'\u00e9tions promis, nous sommes \u00e0 la semaine du Golfe pour la 10\u00e8me \u00e9dition. C'est un grand moment pour nous de naviguer aupr\u00e8s des autres vieux gr\u00e9ements","og_url":"https:\/\/vg-damgan.fr\/site\/2019\/05\/le-reder-mor-6-a-la-semaine-du-golfe-2019\/","og_site_name":"Un vieux gr\u00e9ement pour Damgan","article_publisher":"https:\/\/www.facebook.com\/VGDamgan","article_published_time":"2019-05-31T07:58:23+00:00","article_modified_time":"2019-05-31T08:33:15+00:00","og_image":[{"width":800,"height":445,"url":"https:\/\/i0.wp.com\/vg-damgan.fr\/site\/wp-content\/uploads\/2019\/05\/article-rm6-semaine-du-golfe-du-morbihan-reder-mor-6-damgan.jpg?fit=800%2C445&ssl=1","type":"image\/jpeg"}],"author":"L'\u00e9quipe VGD","twitter_card":"summary_large_image","twitter_misc":{"\u00c9crit par":"L'\u00e9quipe VGD"},"schema":{"@context":"https:\/\/schema.org","@graph":[{"@type":"Article","@id":"https:\/\/vg-damgan.fr\/site\/2019\/05\/le-reder-mor-6-a-la-semaine-du-golfe-2019\/#article","isPartOf":{"@id":"https:\/\/vg-damgan.fr\/site\/2019\/05\/le-reder-mor-6-a-la-semaine-du-golfe-2019\/"},"author":{"name":"L'\u00e9quipe VGD","@id":"https:\/\/vg-damgan.fr\/site\/#\/schema\/person\/2326e572951faf890ceda060dcafa46c"},"headline":"Le Reder Mor 6 \u00e0 la semaine du Golfe 2019","datePublished":"2019-05-31T07:58:23+00:00","dateModified":"2019-05-31T08:33:15+00:00","mainEntityOfPage":{"@id":"https:\/\/vg-damgan.fr\/site\/2019\/05\/le-reder-mor-6-a-la-semaine-du-golfe-2019\/"},"wordCount":96,"commentCount":1,"publisher":{"@id":"https:\/\/vg-damgan.fr\/site\/#organization"},"image":{"@id":"https:\/\/vg-damgan.fr\/site\/2019\/05\/le-reder-mor-6-a-la-semaine-du-golfe-2019\/#primaryimage"},"thumbnailUrl":"https:\/\/i0.wp.com\/vg-damgan.fr\/site\/wp-content\/uploads\/2019\/05\/article-rm6-semaine-du-golfe-du-morbihan-reder-mor-6-damgan.jpg?fit=800%2C445&ssl=1","articleSection":["Actualit\u00e9","Autres vieux gr\u00e9ements","Histoire","Vie de l'association"],"inLanguage":"fr-FR","potentialAction":[{"@type":"CommentAction","name":"Comment","target":["https:\/\/vg-damgan.fr\/site\/2019\/05\/le-reder-mor-6-a-la-semaine-du-golfe-2019\/#respond"]}]},{"@type":"WebPage","@id":"https:\/\/vg-damgan.fr\/site\/2019\/05\/le-reder-mor-6-a-la-semaine-du-golfe-2019\/","url":"https:\/\/vg-damgan.fr\/site\/2019\/05\/le-reder-mor-6-a-la-semaine-du-golfe-2019\/","name":"Le Reder Mor 6 \u00e0 la semaine du Golfe 2019 - Un vieux gr\u00e9ement pour Damgan","isPartOf":{"@id":"https:\/\/vg-damgan.fr\/site\/#website"},"primaryImageOfPage":{"@id":"https:\/\/vg-damgan.fr\/site\/2019\/05\/le-reder-mor-6-a-la-semaine-du-golfe-2019\/#primaryimage"},"image":{"@id":"https:\/\/vg-damgan.fr\/site\/2019\/05\/le-reder-mor-6-a-la-semaine-du-golfe-2019\/#primaryimage"},"thumbnailUrl":"https:\/\/i0.wp.com\/vg-damgan.fr\/site\/wp-content\/uploads\/2019\/05\/article-rm6-semaine-du-golfe-du-morbihan-reder-mor-6-damgan.jpg?fit=800%2C445&ssl=1","datePublished":"2019-05-31T07:58:23+00:00","dateModified":"2019-05-31T08:33:15+00:00","description":"Comme nous nous l'\u00e9tions promis, nous sommes \u00e0 la semaine du Golfe pour la 10\u00e8me \u00e9dition. C'est un grand moment pour nous de naviguer aupr\u00e8s des autres vieux gr\u00e9ements","breadcrumb":{"@id":"https:\/\/vg-damgan.fr\/site\/2019\/05\/le-reder-mor-6-a-la-semaine-du-golfe-2019\/#breadcrumb"},"inLanguage":"fr-FR","potentialAction":[{"@type":"ReadAction","target":["https:\/\/vg-damgan.fr\/site\/2019\/05\/le-reder-mor-6-a-la-semaine-du-golfe-2019\/"]}]},{"@type":"ImageObject","inLanguage":"fr-FR","@id":"https:\/\/vg-damgan.fr\/site\/2019\/05\/le-reder-mor-6-a-la-semaine-du-golfe-2019\/#primaryimage","url":"https:\/\/i0.wp.com\/vg-damgan.fr\/site\/wp-content\/uploads\/2019\/05\/article-rm6-semaine-du-golfe-du-morbihan-reder-mor-6-damgan.jpg?fit=800%2C445&ssl=1","contentUrl":"https:\/\/i0.wp.com\/vg-damgan.fr\/site\/wp-content\/uploads\/2019\/05\/article-rm6-semaine-du-golfe-du-morbihan-reder-mor-6-damgan.jpg?fit=800%2C445&ssl=1","width":800,"height":445},{"@type":"BreadcrumbList","@id":"https:\/\/vg-damgan.fr\/site\/2019\/05\/le-reder-mor-6-a-la-semaine-du-golfe-2019\/#breadcrumb","itemListElement":[{"@type":"ListItem","position":1,"name":"Accueil","item":"https:\/\/vg-damgan.fr\/site\/"},{"@type":"ListItem","position":2,"name":"Le Reder Mor 6 \u00e0 la semaine du Golfe 2019"}]},{"@type":"WebSite","@id":"https:\/\/vg-damgan.fr\/site\/#website","url":"https:\/\/vg-damgan.fr\/site\/","name":"Un vieux gr\u00e9ement pour Damgan","description":"Association damganaise pour la restauration de bateaux d\u2019int\u00e9r\u00eat patrimonial","publisher":{"@id":"https:\/\/vg-damgan.fr\/site\/#organization"},"potentialAction":[{"@type":"SearchAction","target":{"@type":"EntryPoint","urlTemplate":"https:\/\/vg-damgan.fr\/site\/?s={search_term_string}"},"query-input":{"@type":"PropertyValueSpecification","valueRequired":true,"valueName":"search_term_string"}}],"inLanguage":"fr-FR"},{"@type":"Organization","@id":"https:\/\/vg-damgan.fr\/site\/#organization","name":"Un vieux gr\u00e9ement pour Damgan","url":"https:\/\/vg-damgan.fr\/site\/","logo":{"@type":"ImageObject","inLanguage":"fr-FR","@id":"https:\/\/vg-damgan.fr\/site\/#\/schema\/logo\/image\/","url":"https:\/\/i0.wp.com\/vg-damgan.fr\/site\/wp-content\/uploads\/2022\/12\/RederMor-Logo-photo.jpg?fit=2100%2C1680&ssl=1","contentUrl":"https:\/\/i0.wp.com\/vg-damgan.fr\/site\/wp-content\/uploads\/2022\/12\/RederMor-Logo-photo.jpg?fit=2100%2C1680&ssl=1","width":2100,"height":1680,"caption":"Un vieux gr\u00e9ement pour Damgan"},"image":{"@id":"https:\/\/vg-damgan.fr\/site\/#\/schema\/logo\/image\/"},"sameAs":["https:\/\/www.facebook.com\/VGDamgan"]},{"@type":"Person","@id":"https:\/\/vg-damgan.fr\/site\/#\/schema\/person\/2326e572951faf890ceda060dcafa46c","name":"L'\u00e9quipe VGD","image":{"@type":"ImageObject","inLanguage":"fr-FR","@id":"https:\/\/secure.gravatar.com\/avatar\/6ee3424c0b1969bdd82ab635ae1d0156f02a526fcb47e50f6f9fce4766ccd4b7?s=96&d=mm&r=g","url":"https:\/\/secure.gravatar.com\/avatar\/6ee3424c0b1969bdd82ab635ae1d0156f02a526fcb47e50f6f9fce4766ccd4b7?s=96&d=mm&r=g","contentUrl":"https:\/\/secure.gravatar.com\/avatar\/6ee3424c0b1969bdd82ab635ae1d0156f02a526fcb47e50f6f9fce4766ccd4b7?s=96&d=mm&r=g","caption":"L'\u00e9quipe VGD"},"url":"https:\/\/vg-damgan.fr\/site\/author\/hubert\/"}]}},"jetpack_featured_media_url":"https:\/\/i0.wp.com\/vg-damgan.fr\/site\/wp-content\/uploads\/2019\/05\/article-rm6-semaine-du-golfe-du-morbihan-reder-mor-6-damgan.jpg?fit=800%2C445&ssl=1","jetpack_sharing_enabled":true,"jetpack_shortlink":"https:\/\/wp.me\/p7bygr-Mf","jetpack-related-posts":[{"id":3979,"url":"https:\/\/vg-damgan.fr\/site\/2023\/06\/la-semaine-du-golfe-du-reder-mor-6\/","url_meta":{"origin":2991,"position":0},"title":"La semaine du Golfe du Reder Mor 6","author":"L'\u00e9quipe VGD","date":"6 juin 2023","format":false,"excerpt":"Avant notre f\u00eate \u00e0 Penerf (le 17 juin) et la reprise de nos sorties, voici un petit r\u00e9sum\u00e9 de nos sorties durant la semaine du Golfe 2023 Notre Semaine du Golfe. Partis le mercredi matin, temps calme et vent portant, avec la pointe St Jacques en vue (1-2), nous rejoignons\u2026","rel":"","context":"Dans &quot;Actualit\u00e9&quot;","block_context":{"text":"Actualit\u00e9","link":"https:\/\/vg-damgan.fr\/site\/category\/actualite\/"},"img":{"alt_text":"","src":"https:\/\/i0.wp.com\/vg-damgan.fr\/site\/wp-content\/uploads\/2023\/06\/article-la-semaine-du-golfe-2023-du-reder-mor-6.jpg?fit=800%2C445&ssl=1&resize=350%2C200","width":350,"height":200,"srcset":"https:\/\/i0.wp.com\/vg-damgan.fr\/site\/wp-content\/uploads\/2023\/06\/article-la-semaine-du-golfe-2023-du-reder-mor-6.jpg?fit=800%2C445&ssl=1&resize=350%2C200 1x, https:\/\/i0.wp.com\/vg-damgan.fr\/site\/wp-content\/uploads\/2023\/06\/article-la-semaine-du-golfe-2023-du-reder-mor-6.jpg?fit=800%2C445&ssl=1&resize=525%2C300 1.5x, https:\/\/i0.wp.com\/vg-damgan.fr\/site\/wp-content\/uploads\/2023\/06\/article-la-semaine-du-golfe-2023-du-reder-mor-6.jpg?fit=800%2C445&ssl=1&resize=700%2C400 2x"},"classes":[]},{"id":4236,"url":"https:\/\/vg-damgan.fr\/site\/2025\/06\/semaine-du-golfe-2025\/","url_meta":{"origin":2991,"position":1},"title":"Semaine du Golfe 2025","author":"L'\u00e9quipe VGD","date":"23 juin 2025","format":false,"excerpt":"Souvenirs de la semaine du Golfe 2025, en photos. Depuis quelques \u00e9ditions d\u00e9j\u00e0, le Reder Mor 6 participe avec 1000 autres vieux gr\u00e9ments \u00e0 cette belle f\u00eate morbihannaise. Une belle Semaine du Golfe 2025 cette ann\u00e9e, nos \u00e9quipages y \u00e9taient donc bien pr\u00e9sents. Voici de bien belles images, des bateaux\u2026","rel":"","context":"Dans &quot;Actualit\u00e9&quot;","block_context":{"text":"Actualit\u00e9","link":"https:\/\/vg-damgan.fr\/site\/category\/actualite\/"},"img":{"alt_text":"","src":"https:\/\/i0.wp.com\/vg-damgan.fr\/site\/wp-content\/uploads\/2025\/06\/semaine-du-golfe-2025-reder-mor-6.jpg?fit=800%2C445&ssl=1&resize=350%2C200","width":350,"height":200,"srcset":"https:\/\/i0.wp.com\/vg-damgan.fr\/site\/wp-content\/uploads\/2025\/06\/semaine-du-golfe-2025-reder-mor-6.jpg?fit=800%2C445&ssl=1&resize=350%2C200 1x, https:\/\/i0.wp.com\/vg-damgan.fr\/site\/wp-content\/uploads\/2025\/06\/semaine-du-golfe-2025-reder-mor-6.jpg?fit=800%2C445&ssl=1&resize=525%2C300 1.5x, https:\/\/i0.wp.com\/vg-damgan.fr\/site\/wp-content\/uploads\/2025\/06\/semaine-du-golfe-2025-reder-mor-6.jpg?fit=800%2C445&ssl=1&resize=700%2C400 2x"},"classes":[]},{"id":3859,"url":"https:\/\/vg-damgan.fr\/site\/2022\/06\/le-reder-mor-a-vilaine-en-fete-2022\/","url_meta":{"origin":2991,"position":2},"title":"Le Reder Mor \u00e0 Vilaine en F\u00eate 2022","author":"L'\u00e9quipe VGD","date":"30 juin 2022","format":false,"excerpt":"Retour en quelques photos de la participation de cette belle f\u00eate organis\u00e9e fin mai sur la Vilaine. Selon les\u00a0 organisateurs, \"Vilaine en F\u00eate est une navigation bucolique et d\u00e9ambulatoire de bateaux traditionnels et de vieux gr\u00e9ements sur la Vilaine de P\u00e9nestin \u00e0 Redon.\"\u00a0 De belles manifestations sont propos\u00e9es sur les\u2026","rel":"","context":"Dans &quot;Actualit\u00e9&quot;","block_context":{"text":"Actualit\u00e9","link":"https:\/\/vg-damgan.fr\/site\/category\/actualite\/"},"img":{"alt_text":"","src":"https:\/\/i0.wp.com\/vg-damgan.fr\/site\/wp-content\/uploads\/2022\/06\/article-RM6-vilaine-en-fete-2022.jpg?fit=800%2C445&ssl=1&resize=350%2C200","width":350,"height":200,"srcset":"https:\/\/i0.wp.com\/vg-damgan.fr\/site\/wp-content\/uploads\/2022\/06\/article-RM6-vilaine-en-fete-2022.jpg?fit=800%2C445&ssl=1&resize=350%2C200 1x, https:\/\/i0.wp.com\/vg-damgan.fr\/site\/wp-content\/uploads\/2022\/06\/article-RM6-vilaine-en-fete-2022.jpg?fit=800%2C445&ssl=1&resize=525%2C300 1.5x, https:\/\/i0.wp.com\/vg-damgan.fr\/site\/wp-content\/uploads\/2022\/06\/article-RM6-vilaine-en-fete-2022.jpg?fit=800%2C445&ssl=1&resize=700%2C400 2x"},"classes":[]},{"id":4123,"url":"https:\/\/vg-damgan.fr\/site\/2024\/06\/les-vieux-greements-de-notre-fete-du-15-juin\/","url_meta":{"origin":2991,"position":3},"title":"Les vieux gr\u00e9ements de notre f\u00eate du 15 juin","author":"L'\u00e9quipe VGD","date":"11 juin 2024","format":false,"excerpt":"Apr\u00e8s la pr\u00e9sentation des groupes qui animeront notre f\u00eate de 16h \u00e0 23h, voici la liste des vieux gr\u00e9ements actuellement inscrit pour la grande parade pour naviguer avec le Reder Mor 6. D'autres sont encore susceptibles de nous rejoindre. Samedi 15 juin\u2026 la f\u00eate du Reder Mor 6 \u00e0 Penerf,\u2026","rel":"","context":"Dans &quot;Actualit\u00e9&quot;","block_context":{"text":"Actualit\u00e9","link":"https:\/\/vg-damgan.fr\/site\/category\/actualite\/"},"img":{"alt_text":"","src":"https:\/\/i0.wp.com\/vg-damgan.fr\/site\/wp-content\/uploads\/2024\/06\/fetes-du-reder-mor-6-et-vieux-greements-2024.jpg?fit=800%2C445&ssl=1&resize=350%2C200","width":350,"height":200,"srcset":"https:\/\/i0.wp.com\/vg-damgan.fr\/site\/wp-content\/uploads\/2024\/06\/fetes-du-reder-mor-6-et-vieux-greements-2024.jpg?fit=800%2C445&ssl=1&resize=350%2C200 1x, https:\/\/i0.wp.com\/vg-damgan.fr\/site\/wp-content\/uploads\/2024\/06\/fetes-du-reder-mor-6-et-vieux-greements-2024.jpg?fit=800%2C445&ssl=1&resize=525%2C300 1.5x, https:\/\/i0.wp.com\/vg-damgan.fr\/site\/wp-content\/uploads\/2024\/06\/fetes-du-reder-mor-6-et-vieux-greements-2024.jpg?fit=800%2C445&ssl=1&resize=700%2C400 2x"},"classes":[]},{"id":581,"url":"https:\/\/vg-damgan.fr\/site\/2016\/06\/581\/","url_meta":{"origin":2991,"position":4},"title":"A la d\u00e9couverte de Gildas FLAHAULT, parrain du Reder Mor 6","author":"L'\u00e9quipe VGD","date":"14 juin 2016","format":false,"excerpt":"\u00a0 Ceux qui naviguent, que ce soit sur le Golfe du Morbihan, sa terre d'attache, ou plus loin dans les h\u00e9misph\u00e8res, le connaissent. En effet, Gildas Flahault est le peintre qui enchante nos yeux par ses cr\u00e9ations d'inspiration marine expos\u00e9es un peu partout en Bretagne et au-del\u00e0. Parmi ses peintures\u2026","rel":"","context":"Dans &quot;Histoire&quot;","block_context":{"text":"Histoire","link":"https:\/\/vg-damgan.fr\/site\/category\/histoire\/"},"img":{"alt_text":"","src":"https:\/\/i0.wp.com\/vg-damgan.fr\/site\/wp-content\/uploads\/2016\/06\/article-gildas-flahault-image-%C3%A0-la-une-02.jpg?fit=800%2C445&ssl=1&resize=350%2C200","width":350,"height":200,"srcset":"https:\/\/i0.wp.com\/vg-damgan.fr\/site\/wp-content\/uploads\/2016\/06\/article-gildas-flahault-image-%C3%A0-la-une-02.jpg?fit=800%2C445&ssl=1&resize=350%2C200 1x, https:\/\/i0.wp.com\/vg-damgan.fr\/site\/wp-content\/uploads\/2016\/06\/article-gildas-flahault-image-%C3%A0-la-une-02.jpg?fit=800%2C445&ssl=1&resize=525%2C300 1.5x, https:\/\/i0.wp.com\/vg-damgan.fr\/site\/wp-content\/uploads\/2016\/06\/article-gildas-flahault-image-%C3%A0-la-une-02.jpg?fit=800%2C445&ssl=1&resize=700%2C400 2x"},"classes":[]},{"id":2665,"url":"https:\/\/vg-damgan.fr\/site\/2019\/04\/venue-de-landre-yvette\/","url_meta":{"origin":2991,"position":5},"title":"Venue de l&rsquo;Andr\u00e9 Yvette","author":"L'\u00e9quipe VGD","date":"23 avril 2019","format":false,"excerpt":"Comme l'ann\u00e9e derni\u00e8re et pour ceux qui l'auraient loup\u00e9e, La belle gabare Andr\u00e9-Yvette viendra nous rendre visite le 5 mai prochain pour la mise \u00e0 l'eau du Reder Mor 6. Voici sa pr\u00e9sentation. RENCONTRE IMPORTANTE En 2015\u00a0, l\u2019Andr\u00e9-Yvette s\u2019est d\u00e9plac\u00e9e \u00e0 P\u00e9nerf au moment de la cr\u00e9ation de l\u2019association du\u2026","rel":"","context":"Dans &quot;Actualit\u00e9&quot;","block_context":{"text":"Actualit\u00e9","link":"https:\/\/vg-damgan.fr\/site\/category\/actualite\/"},"img":{"alt_text":"","src":"https:\/\/i0.wp.com\/vg-damgan.fr\/site\/wp-content\/uploads\/2019\/04\/article-rm6-venue-de-lAndr%C3%A9-Yvette-%C3%A0-p%C3%A9nerf-pour-le-reder-Mor-6.jpg?fit=800%2C445&ssl=1&resize=350%2C200","width":350,"height":200,"srcset":"https:\/\/i0.wp.com\/vg-damgan.fr\/site\/wp-content\/uploads\/2019\/04\/article-rm6-venue-de-lAndr%C3%A9-Yvette-%C3%A0-p%C3%A9nerf-pour-le-reder-Mor-6.jpg?fit=800%2C445&ssl=1&resize=350%2C200 1x, https:\/\/i0.wp.com\/vg-damgan.fr\/site\/wp-content\/uploads\/2019\/04\/article-rm6-venue-de-lAndr%C3%A9-Yvette-%C3%A0-p%C3%A9nerf-pour-le-reder-Mor-6.jpg?fit=800%2C445&ssl=1&resize=525%2C300 1.5x, https:\/\/i0.wp.com\/vg-damgan.fr\/site\/wp-content\/uploads\/2019\/04\/article-rm6-venue-de-lAndr%C3%A9-Yvette-%C3%A0-p%C3%A9nerf-pour-le-reder-Mor-6.jpg?fit=800%2C445&ssl=1&resize=700%2C400 2x"},"classes":[]}],"_links":{"self":[{"href":"https:\/\/vg-damgan.fr\/site\/wp-json\/wp\/v2\/posts\/2991","targetHints":{"allow":["GET"]}}],"collection":[{"href":"https:\/\/vg-damgan.fr\/site\/wp-json\/wp\/v2\/posts"}],"about":[{"href":"https:\/\/vg-damgan.fr\/site\/wp-json\/wp\/v2\/types\/post"}],"author":[{"embeddable":true,"href":"https:\/\/vg-damgan.fr\/site\/wp-json\/wp\/v2\/users\/4"}],"replies":[{"embeddable":true,"href":"https:\/\/vg-damgan.fr\/site\/wp-json\/wp\/v2\/comments?post=2991"}],"version-history":[{"count":9,"href":"https:\/\/vg-damgan.fr\/site\/wp-json\/wp\/v2\/posts\/2991\/revisions"}],"predecessor-version":[{"id":3015,"href":"https:\/\/vg-damgan.fr\/site\/wp-json\/wp\/v2\/posts\/2991\/revisions\/3015"}],"wp:featuredmedia":[{"embeddable":true,"href":"https:\/\/vg-damgan.fr\/site\/wp-json\/wp\/v2\/media\/3014"}],"wp:attachment":[{"href":"https:\/\/vg-damgan.fr\/site\/wp-json\/wp\/v2\/media?parent=2991"}],"wp:term":[{"taxonomy":"category","embeddable":true,"href":"https:\/\/vg-damgan.fr\/site\/wp-json\/wp\/v2\/categories?post=2991"},{"taxonomy":"post_tag","embeddable":true,"href":"https:\/\/vg-damgan.fr\/site\/wp-json\/wp\/v2\/tags?post=2991"}],"curies":[{"name":"wp","href":"https:\/\/api.w.org\/{rel}","templated":true}]}}